{"id":36292,"date":"2026-09-05T20:37:51","date_gmt":"2026-09-05T23:37:51","guid":{"rendered":"https:\/\/acontecenafronteira.com.br\/?p=36292"},"modified":"2026-09-05T20:37:51","modified_gmt":"2026-09-05T23:37:51","slug":"entidades-questionam-relatorio-de-inteligencia-em-crise-no-stf","status":"publish","type":"post","link":"https:\/\/acontecenafronteira.com.br\/index.php\/2026\/09\/05\/entidades-questionam-relatorio-de-inteligencia-em-crise-no-stf\/","title":{"rendered":"Entidades questionam relat\u00f3rio de intelig\u00eancia em crise no STF"},"content":{"rendered":"<p>A Uni\u00e3o dos Profissionais de Intelig\u00eancia de Estado da Abin (Intelis) emitiu um comunicado oficial para apontar falhas metodol\u00f3gicas no relat\u00f3rio da Pol\u00edcia Federal utilizado pelo ministro Alexandre de Moraes contra o magistrado Andr\u00e9 Mendon\u00e7a.<\/p>\n<h2>O posicionamento da Intelis sobre o caso<\/h2>\n<p>Segundo a entidade, o material utilizado pelo Supremo Tribunal Federal n\u00e3o segue as diretrizes exigidas pela Doutrina da Atividade de Intelig\u00eancia.<\/p>\n<p>Em nota p\u00fablica, os especialistas destacaram que relat\u00f3rios dessa natureza servem apenas para mapear cen\u00e1rios e riscos, jamais devendo ser confundidos com inqu\u00e9ritos criminais ou pe\u00e7as de acusa\u00e7\u00e3o formal.<\/p>\n<h2>Entenda a origem do atrito no STF<\/h2>\n<p>O embate institucional na Suprema Corte ganhou for\u00e7a ap\u00f3s a divulga\u00e7\u00e3o de um documento da PF que apontava conversas e encontros entre Moraes e o empres\u00e1rio Daniel Vorcaro, propriet\u00e1rio do Banco Master.<\/p>\n<p>Diante da repercuss\u00e3o, o ministro Andr\u00e9 Mendon\u00e7a retirou o sigilo do material e pediu an\u00e1lise em plen\u00e1rio. Como resposta, acusa\u00e7\u00f5es de abuso de autoridade e improbidade foram levantadas no \u00e2mbito do Inqu\u00e9rito das Fake News, gerando forte repercuss\u00e3o jur\u00eddica e pol\u00edtica no pa\u00eds.<\/p>\n<h2>Limites da atividade de intelig\u00eancia<\/h2>\n<p>Para a associa\u00e7\u00e3o profissional, o epis\u00f3dio reflete a urg\u00eancia de uma regulamenta\u00e7\u00e3o mais clara sobre o tema no Brasil. A falta de marcos legais precisos gera confus\u00e3o entre apura\u00e7\u00f5es policiais e a produ\u00e7\u00e3o de conhecimento estrat\u00e9gico, expondo institui\u00e7\u00f5es a desgastes desnecess\u00e1rios.<\/p>\n<p>Por fim, o presidente da corte, Edson Fachin, interveio no processo ao retirar as acusa\u00e7\u00f5es iniciais e estipular prazos para que os envolvidos prestem esclarecimentos formais sobre o impasse.<\/p>\n<p>Por Reda\u00e7\u00e3o Acontece<\/p>\n<p>Foto: Breno Esaki\/Metr\u00f3poles<\/p>\n","protected":false},"excerpt":{"rendered":"<p>A Uni\u00e3o dos Profissionais de Intelig\u00eancia de Estado da Abin (Intelis) emitiu um comunicado oficial para apontar falhas metodol\u00f3gicas no relat\u00f3rio da Pol\u00edcia Federal utilizado pelo ministro Alexandre de Moraes contra o magistrado Andr\u00e9 Mendon\u00e7a. O posicionamento da Intelis sobre o caso Segundo a entidade, o material utilizado pelo Supremo Tribunal Federal n\u00e3o segue as [&hellip;]<\/p>\n","protected":false},"author":0,"featured_media":36299,"comment_status":"open","ping_status":"open","sticky":false,"template":"","format":"standard","meta":{"footnotes":""},"categories":[6],"tags":[],"class_list":["post-36292","post","type-post","status-publish","format-standard","has-post-thumbnail","hentry","category-mercosul"],"_links":{"self":[{"href":"https:\/\/acontecenafronteira.com.br\/index.php\/wp-json\/wp\/v2\/posts\/36292","targetHints":{"allow":["GET"]}}],"collection":[{"href":"https:\/\/acontecenafronteira.com.br\/index.php\/wp-json\/wp\/v2\/posts"}],"about":[{"href":"https:\/\/acontecenafronteira.com.br\/index.php\/wp-json\/wp\/v2\/types\/post"}],"replies":[{"embeddable":true,"href":"https:\/\/acontecenafronteira.com.br\/index.php\/wp-json\/wp\/v2\/comments?post=36292"}],"version-history":[{"count":1,"href":"https:\/\/acontecenafronteira.com.br\/index.php\/wp-json\/wp\/v2\/posts\/36292\/revisions"}],"predecessor-version":[{"id":36298,"href":"https:\/\/acontecenafronteira.com.br\/index.php\/wp-json\/wp\/v2\/posts\/36292\/revisions\/36298"}],"wp:featuredmedia":[{"embeddable":true,"href":"https:\/\/acontecenafronteira.com.br\/index.php\/wp-json\/wp\/v2\/media\/36299"}],"wp:attachment":[{"href":"https:\/\/acontecenafronteira.com.br\/index.php\/wp-json\/wp\/v2\/media?parent=36292"}],"wp:term":[{"taxonomy":"category","embeddable":true,"href":"https:\/\/acontecenafronteira.com.br\/index.php\/wp-json\/wp\/v2\/categories?post=36292"},{"taxonomy":"post_tag","embeddable":true,"href":"https:\/\/acontecenafronteira.com.br\/index.php\/wp-json\/wp\/v2\/tags?post=36292"}],"curies":[{"name":"wp","href":"https:\/\/api.w.org\/{rel}","templated":true}]}}