{"id":36279,"date":"2026-09-05T20:37:30","date_gmt":"2026-09-05T23:37:30","guid":{"rendered":"https:\/\/acontecenafronteira.com.br\/?p=36279"},"modified":"2026-09-05T20:37:30","modified_gmt":"2026-09-05T23:37:30","slug":"walcyr-carrasco-reage-a-ataque-contra-ator-de-novela","status":"publish","type":"post","link":"https:\/\/acontecenafronteira.com.br\/index.php\/2026\/09\/05\/walcyr-carrasco-reage-a-ataque-contra-ator-de-novela\/","title":{"rendered":"Walcyr Carrasco reage a ataque contra ator de novela"},"content":{"rendered":"<p>O renomado novelista Walcyr Carrasco utilizou suas redes sociais para prestar apoio ao ator Jo\u00e3o Victor Gon\u00e7alves, int\u00e9rprete do personagem Mau Mau, que foi v\u00edtima de hostilidades e preconceito ao deixar o festival Rock in Rio na madrugada de um s\u00e1bado.<\/p>\n<h2>Ataque homof\u00f3bico ap\u00f3s o festival<\/h2>\n<p>O criador da trama classificou o epis\u00f3dio de forma severa, definindo o ato como um crime de <b>homofobia<\/b> e enfatizando que atitudes dessa natureza jamais devem ser banalizadas como forma de divers\u00e3o.<\/p>\n<p>O jovem artista foi perseguido por rapazes que proferiram ofensas e coment\u00e1rios pejorativos a respeito de suas vestimentas no momento em que ele deixava o evento musical.<\/p>\n<h2>Transmiss\u00e3o ao vivo e repercuss\u00e3o<\/h2>\n<p>A situa\u00e7\u00e3o constrangedora foi gravada e transmitida em tempo real por um criador de conte\u00fado digital conhecido como GH. Mantendo a compostura, o ator optou por n\u00e3o revidar as agress\u00f5es e seguiu seu trajeto.<\/p>\n<p>Posteriormente, visivelmente abalado, o int\u00e9rprete comparou o ocorrido \u00e0 jornada de seu personagem na fic\u00e7\u00e3o, que tamb\u00e9m lida com barreiras sociais e epis\u00f3dios de intoler\u00e2ncia.<\/p>\n<p>O dramaturgo finalizou fazendo um apelo para que o p\u00fablico repudie veementemente o ocorrido, demonstre carinho pelo ator e continue acompanhando a evolu\u00e7\u00e3o da narrativa na televis\u00e3o.<\/p>\n<p>Por Reda\u00e7\u00e3o Acontece<\/p>\n<p>Cr\u00e9ditos da imagem: Divulga\u00e7\u00e3o\/Redes Sociais<\/p>\n","protected":false},"excerpt":{"rendered":"<p>O renomado novelista Walcyr Carrasco utilizou suas redes sociais para prestar apoio ao ator Jo\u00e3o Victor Gon\u00e7alves, int\u00e9rprete do personagem Mau Mau, que foi v\u00edtima de hostilidades e preconceito ao deixar o festival Rock in Rio na madrugada de um s\u00e1bado. Ataque homof\u00f3bico ap\u00f3s o festival O criador da trama classificou o epis\u00f3dio de forma [&hellip;]<\/p>\n","protected":false},"author":0,"featured_media":36288,"comment_status":"open","ping_status":"open","sticky":false,"template":"","format":"standard","meta":{"footnotes":""},"categories":[28],"tags":[],"class_list":["post-36279","post","type-post","status-publish","format-standard","has-post-thumbnail","hentry","category-mundo"],"_links":{"self":[{"href":"https:\/\/acontecenafronteira.com.br\/index.php\/wp-json\/wp\/v2\/posts\/36279","targetHints":{"allow":["GET"]}}],"collection":[{"href":"https:\/\/acontecenafronteira.com.br\/index.php\/wp-json\/wp\/v2\/posts"}],"about":[{"href":"https:\/\/acontecenafronteira.com.br\/index.php\/wp-json\/wp\/v2\/types\/post"}],"replies":[{"embeddable":true,"href":"https:\/\/acontecenafronteira.com.br\/index.php\/wp-json\/wp\/v2\/comments?post=36279"}],"version-history":[{"count":1,"href":"https:\/\/acontecenafronteira.com.br\/index.php\/wp-json\/wp\/v2\/posts\/36279\/revisions"}],"predecessor-version":[{"id":36287,"href":"https:\/\/acontecenafronteira.com.br\/index.php\/wp-json\/wp\/v2\/posts\/36279\/revisions\/36287"}],"wp:featuredmedia":[{"embeddable":true,"href":"https:\/\/acontecenafronteira.com.br\/index.php\/wp-json\/wp\/v2\/media\/36288"}],"wp:attachment":[{"href":"https:\/\/acontecenafronteira.com.br\/index.php\/wp-json\/wp\/v2\/media?parent=36279"}],"wp:term":[{"taxonomy":"category","embeddable":true,"href":"https:\/\/acontecenafronteira.com.br\/index.php\/wp-json\/wp\/v2\/categories?post=36279"},{"taxonomy":"post_tag","embeddable":true,"href":"https:\/\/acontecenafronteira.com.br\/index.php\/wp-json\/wp\/v2\/tags?post=36279"}],"curies":[{"name":"wp","href":"https:\/\/api.w.org\/{rel}","templated":true}]}}