{"id":36270,"date":"2026-09-05T20:36:15","date_gmt":"2026-09-05T23:36:15","guid":{"rendered":"https:\/\/acontecenafronteira.com.br\/?p=36270"},"modified":"2026-09-05T20:36:15","modified_gmt":"2026-09-05T23:36:15","slug":"policia-conclui-que-morte-de-menino-autista-em-araucaria-foi-acidente","status":"publish","type":"post","link":"https:\/\/acontecenafronteira.com.br\/index.php\/2026\/09\/05\/policia-conclui-que-morte-de-menino-autista-em-araucaria-foi-acidente\/","title":{"rendered":"Pol\u00edcia conclui que morte de menino autista em Arauc\u00e1ria foi acidente"},"content":{"rendered":"<p>A Pol\u00edcia Civil do Paran\u00e1 encerrou as investiga\u00e7\u00f5es sobre o falecimento de Jo\u00e3o Gabriel Ferreira dos Santos, crian\u00e7a autista de cinco anos que perdeu a vida em Arauc\u00e1ria, na Regi\u00e3o Metropolitana de Curitiba, e determinou que o caso foi um acidente.<\/p>\n<h2>Detalhes da investiga\u00e7\u00e3o<\/h2>\n<p>Os policiais respons\u00e1veis pelo inqu\u00e9rito analisaram laudos periciais e coletaram depoimentos para esclarecer as circunst\u00e2ncias do ocorrido. A conclus\u00e3o descarta a hip\u00f3tese de crime, apontando que o \u00f3bito ocorreu de forma acidental no munic\u00edpio paranaense.<\/p>\n<h2>Pr\u00f3ximos passos legais<\/h2>\n<p>Com a finaliza\u00e7\u00e3o do procedimento investigativo, o inqu\u00e9rito policial ser\u00e1 encaminhado ao Minist\u00e9rio P\u00fablico do Paran\u00e1. Cabe agora ao \u00f3rg\u00e3o competente avaliar o documento e definir os desdobramentos jur\u00eddicos cab\u00edveis para o encerramento definitivo do caso.<\/p>\n<p>Por Reda\u00e7\u00e3o Acontece<\/p>\n<p>Cr\u00e9ditos da imagem: Divulga\u00e7\u00e3o\/PCPR<\/p>\n","protected":false},"excerpt":{"rendered":"<p>A Pol\u00edcia Civil do Paran\u00e1 encerrou as investiga\u00e7\u00f5es sobre o falecimento de Jo\u00e3o Gabriel Ferreira dos Santos, crian\u00e7a autista de cinco anos que perdeu a vida em Arauc\u00e1ria, na Regi\u00e3o Metropolitana de Curitiba, e determinou que o caso foi um acidente. Detalhes da investiga\u00e7\u00e3o Os policiais respons\u00e1veis pelo inqu\u00e9rito analisaram laudos periciais e coletaram depoimentos [&hellip;]<\/p>\n","protected":false},"author":0,"featured_media":36273,"comment_status":"open","ping_status":"open","sticky":false,"template":"","format":"standard","meta":{"footnotes":""},"categories":[18],"tags":[],"class_list":["post-36270","post","type-post","status-publish","format-standard","has-post-thumbnail","hentry","category-parana"],"_links":{"self":[{"href":"https:\/\/acontecenafronteira.com.br\/index.php\/wp-json\/wp\/v2\/posts\/36270","targetHints":{"allow":["GET"]}}],"collection":[{"href":"https:\/\/acontecenafronteira.com.br\/index.php\/wp-json\/wp\/v2\/posts"}],"about":[{"href":"https:\/\/acontecenafronteira.com.br\/index.php\/wp-json\/wp\/v2\/types\/post"}],"replies":[{"embeddable":true,"href":"https:\/\/acontecenafronteira.com.br\/index.php\/wp-json\/wp\/v2\/comments?post=36270"}],"version-history":[{"count":1,"href":"https:\/\/acontecenafronteira.com.br\/index.php\/wp-json\/wp\/v2\/posts\/36270\/revisions"}],"predecessor-version":[{"id":36272,"href":"https:\/\/acontecenafronteira.com.br\/index.php\/wp-json\/wp\/v2\/posts\/36270\/revisions\/36272"}],"wp:featuredmedia":[{"embeddable":true,"href":"https:\/\/acontecenafronteira.com.br\/index.php\/wp-json\/wp\/v2\/media\/36273"}],"wp:attachment":[{"href":"https:\/\/acontecenafronteira.com.br\/index.php\/wp-json\/wp\/v2\/media?parent=36270"}],"wp:term":[{"taxonomy":"category","embeddable":true,"href":"https:\/\/acontecenafronteira.com.br\/index.php\/wp-json\/wp\/v2\/categories?post=36270"},{"taxonomy":"post_tag","embeddable":true,"href":"https:\/\/acontecenafronteira.com.br\/index.php\/wp-json\/wp\/v2\/tags?post=36270"}],"curies":[{"name":"wp","href":"https:\/\/api.w.org\/{rel}","templated":true}]}}