{"id":36261,"date":"2026-09-05T19:37:38","date_gmt":"2026-09-05T22:37:38","guid":{"rendered":"https:\/\/acontecenafronteira.com.br\/?p=36261"},"modified":"2026-09-05T19:37:38","modified_gmt":"2026-09-05T22:37:38","slug":"maquiador-de-michelle-bolsonaro-pede-fechamento-da-lagoinha","status":"publish","type":"post","link":"https:\/\/acontecenafronteira.com.br\/index.php\/2026\/09\/05\/maquiador-de-michelle-bolsonaro-pede-fechamento-da-lagoinha\/","title":{"rendered":"Maquiador de Michelle Bolsonaro pede fechamento da Lagoinha"},"content":{"rendered":"<p>O maquiador Agustin Fernandez usou suas redes sociais para fazer duras cr\u00edticas \u00e0 unidade da Igreja da Lagoinha localizada em Alphaville, na Grande S\u00e3o Paulo, chegando a pedir publicamente o encerramento das atividades da congrega\u00e7\u00e3o.<\/p>\n<h2>O trauma do passado e o afastamento da religi\u00e3o<\/h2>\n<\/p>\n<p>Em seu desabafo publicado no Instagram, o influenciador relembrou que adquiriu avers\u00e3o ao ambiente religioso ap\u00f3s declara\u00e7\u00f5es do pastor Andr\u00e9 Valad\u00e3o afirmando que a igreja n\u00e3o seria voltada para o p\u00fablico LGBTQIA+. Na mesma \u00e9poca, a consagra\u00e7\u00e3o de Guilherme de P\u00e1dua como pastor marcou negativamente sua percep\u00e7\u00e3o sobre a institui\u00e7\u00e3o.<\/p>\n<h2>A tentativa de reconcilia\u00e7\u00e3o frustrada<\/h2>\n<\/p>\n<p>Recentemente, Agustin decidiu tentar ressignificar o trauma ao aceitar um convite para participar de um culto na mesma unidade. No entanto, ele afirmou ter sa\u00eddo do local com uma sensa\u00e7\u00e3o ainda pior do que quando chegou.<\/p>\n<p>Segundo o maquiador, a atmosfera lembrava a de uma casa de shows sertanejos e o serm\u00e3o n\u00e3o utilizou a B\u00edblia. Ele criticou o fato de o pastor ter focado o discurso em relatos de emagrecimento com o uso de medicamentos, muscula\u00e7\u00e3o e em um sonho pessoal sobre o c\u00e9u, al\u00e9m de apontar a aus\u00eancia de apelo evangel\u00edstico ao final da cerim\u00f4nia.<\/p>\n<h2>Motivos para o pedido de encerramento<\/h2>\n<\/p>\n<p>Al\u00e9m da estrutura e do formato dos cultos, o profissional enumerou quest\u00f5es administrativas e pol\u00eamicas associadas \u00e0 gest\u00e3o do templo para justificar sua ora\u00e7\u00e3o pelo fechamento.<\/p>\n<p>O aliado da ex-primeira-dama mencionou disputas judiciais, problemas com alugu\u00e9is, den\u00fancias envolvendo prestadores de servi\u00e7o e o uso inadequado de ofertas financeiras como fatores que mancham a imagem do cristianismo perante novos fi\u00e9is.<\/p>\n<p>Por fim, o maquiador ressaltou que prefere romper com a cultura do sil\u00eancio adotada por muitos religiosos para evitar que pr\u00e1ticas question\u00e1veis afastem as pessoas dos ensinamentos crist\u00e3os verdadeiros.<\/p>\n<p>Por Reda\u00e7\u00e3o Acontece<\/p>\n<p>Instagram\/Reprodu\u00e7\u00e3o<\/p>\n","protected":false},"excerpt":{"rendered":"<p>O maquiador Agustin Fernandez usou suas redes sociais para fazer duras cr\u00edticas \u00e0 unidade da Igreja da Lagoinha localizada em Alphaville, na Grande S\u00e3o Paulo, chegando a pedir publicamente o encerramento das atividades da congrega\u00e7\u00e3o. O trauma do passado e o afastamento da religi\u00e3o Em seu desabafo publicado no Instagram, o influenciador relembrou que adquiriu [&hellip;]<\/p>\n","protected":false},"author":0,"featured_media":36269,"comment_status":"open","ping_status":"open","sticky":false,"template":"","format":"standard","meta":{"footnotes":""},"categories":[6],"tags":[],"class_list":["post-36261","post","type-post","status-publish","format-standard","has-post-thumbnail","hentry","category-mercosul"],"_links":{"self":[{"href":"https:\/\/acontecenafronteira.com.br\/index.php\/wp-json\/wp\/v2\/posts\/36261","targetHints":{"allow":["GET"]}}],"collection":[{"href":"https:\/\/acontecenafronteira.com.br\/index.php\/wp-json\/wp\/v2\/posts"}],"about":[{"href":"https:\/\/acontecenafronteira.com.br\/index.php\/wp-json\/wp\/v2\/types\/post"}],"replies":[{"embeddable":true,"href":"https:\/\/acontecenafronteira.com.br\/index.php\/wp-json\/wp\/v2\/comments?post=36261"}],"version-history":[{"count":1,"href":"https:\/\/acontecenafronteira.com.br\/index.php\/wp-json\/wp\/v2\/posts\/36261\/revisions"}],"predecessor-version":[{"id":36268,"href":"https:\/\/acontecenafronteira.com.br\/index.php\/wp-json\/wp\/v2\/posts\/36261\/revisions\/36268"}],"wp:featuredmedia":[{"embeddable":true,"href":"https:\/\/acontecenafronteira.com.br\/index.php\/wp-json\/wp\/v2\/media\/36269"}],"wp:attachment":[{"href":"https:\/\/acontecenafronteira.com.br\/index.php\/wp-json\/wp\/v2\/media?parent=36261"}],"wp:term":[{"taxonomy":"category","embeddable":true,"href":"https:\/\/acontecenafronteira.com.br\/index.php\/wp-json\/wp\/v2\/categories?post=36261"},{"taxonomy":"post_tag","embeddable":true,"href":"https:\/\/acontecenafronteira.com.br\/index.php\/wp-json\/wp\/v2\/tags?post=36261"}],"curies":[{"name":"wp","href":"https:\/\/api.w.org\/{rel}","templated":true}]}}