{"id":36259,"date":"2026-09-05T19:37:31","date_gmt":"2026-09-05T22:37:31","guid":{"rendered":"https:\/\/acontecenafronteira.com.br\/?p=36259"},"modified":"2026-09-05T19:37:31","modified_gmt":"2026-09-05T22:37:31","slug":"tragedia-nas-rodovias-acidente-grave-com-mortes","status":"publish","type":"post","link":"https:\/\/acontecenafronteira.com.br\/index.php\/2026\/09\/05\/tragedia-nas-rodovias-acidente-grave-com-mortes\/","title":{"rendered":"Trag\u00e9dia nas rodovias: acidente grave com mortes"},"content":{"rendered":"<p>Uma grave ocorr\u00eancia nas estradas terminou com o tr\u00e1gico falecimento de tr\u00eas pessoas ap\u00f3s uma violenta batida entre um autom\u00f3vel de passeio e um ve\u00edculo de carga pesado durante o per\u00edodo da tarde.<\/p>\n<h2>Din\u00e2mica da colis\u00e3o na rodovia<\/h2>\n<p>O sinistro aconteceu na altura do quil\u00f4metro 509 e envolveu um caminh\u00e3o Volkswagen e um Hyundai Creta, onde viajavam quatro pessoas. Informa\u00e7\u00f5es preliminares apontam que o carro de passeio teria cruzado para a faixa contr\u00e1ria, provocando o impacto transversal.<\/p>\n<p>Due \u00e0 for\u00e7a da batida, tr\u00eas passageiros do autom\u00f3vel perderam a vida ainda no local da trag\u00e9dia. Apenas uma das ocupantes do carro sobreviveu ao impacto e foi resgatada consciente, sendo rapidamente encaminhada para o hospital da regi\u00e3o para atendimento m\u00e9dico especializado.<\/p>\n<h2>Atendimento e investiga\u00e7\u00e3o<\/h2>\n<p>O motorista do caminh\u00e3o n\u00e3o sofreu ferimentos aparentes, mas mesmo assim foi conduzido a uma unidade de sa\u00fade local para passar por avalia\u00e7\u00f5es m\u00e9dicas e exames preventivos, conforme os protocolos de seguran\u00e7a para esse tipo de ocorr\u00eancia.<\/p>\n<p>Corpora\u00e7\u00f5es de resgate, incluindo o Corpo de Bombeiros e o Servi\u00e7o de Atendimento M\u00f3vel de Urg\u00eancia, atuaram intensamente no socorro. A Per\u00edcia T\u00e9cnica tamb\u00e9m esteve presente para coletar evid\u00eancias que ajudem a esclarecer as causas da invas\u00e3o de pista.<\/p>\n<p>As autoridades competentes seguem apurando os detalhes do caso para determinar com precis\u00e3o os fatores que culminaram no acidente fatal.<\/p>\n<p>Por Reda\u00e7\u00e3o Acontece<\/p>\n<p>Foto: Pol\u00edcia Militar\/Divulga\u00e7\u00e3o<\/p>\n","protected":false},"excerpt":{"rendered":"<p>Uma grave ocorr\u00eancia nas estradas terminou com o tr\u00e1gico falecimento de tr\u00eas pessoas ap\u00f3s uma violenta batida entre um autom\u00f3vel de passeio e um ve\u00edculo de carga pesado durante o per\u00edodo da tarde. Din\u00e2mica da colis\u00e3o na rodovia O sinistro aconteceu na altura do quil\u00f4metro 509 e envolveu um caminh\u00e3o Volkswagen e um Hyundai Creta, [&hellip;]<\/p>\n","protected":false},"author":0,"featured_media":36265,"comment_status":"open","ping_status":"open","sticky":false,"template":"","format":"standard","meta":{"footnotes":""},"categories":[6],"tags":[],"class_list":["post-36259","post","type-post","status-publish","format-standard","has-post-thumbnail","hentry","category-mercosul"],"_links":{"self":[{"href":"https:\/\/acontecenafronteira.com.br\/index.php\/wp-json\/wp\/v2\/posts\/36259","targetHints":{"allow":["GET"]}}],"collection":[{"href":"https:\/\/acontecenafronteira.com.br\/index.php\/wp-json\/wp\/v2\/posts"}],"about":[{"href":"https:\/\/acontecenafronteira.com.br\/index.php\/wp-json\/wp\/v2\/types\/post"}],"replies":[{"embeddable":true,"href":"https:\/\/acontecenafronteira.com.br\/index.php\/wp-json\/wp\/v2\/comments?post=36259"}],"version-history":[{"count":1,"href":"https:\/\/acontecenafronteira.com.br\/index.php\/wp-json\/wp\/v2\/posts\/36259\/revisions"}],"predecessor-version":[{"id":36264,"href":"https:\/\/acontecenafronteira.com.br\/index.php\/wp-json\/wp\/v2\/posts\/36259\/revisions\/36264"}],"wp:featuredmedia":[{"embeddable":true,"href":"https:\/\/acontecenafronteira.com.br\/index.php\/wp-json\/wp\/v2\/media\/36265"}],"wp:attachment":[{"href":"https:\/\/acontecenafronteira.com.br\/index.php\/wp-json\/wp\/v2\/media?parent=36259"}],"wp:term":[{"taxonomy":"category","embeddable":true,"href":"https:\/\/acontecenafronteira.com.br\/index.php\/wp-json\/wp\/v2\/categories?post=36259"},{"taxonomy":"post_tag","embeddable":true,"href":"https:\/\/acontecenafronteira.com.br\/index.php\/wp-json\/wp\/v2\/tags?post=36259"}],"curies":[{"name":"wp","href":"https:\/\/api.w.org\/{rel}","templated":true}]}}