{"id":36248,"date":"2026-09-05T19:37:26","date_gmt":"2026-09-05T22:37:26","guid":{"rendered":"https:\/\/acontecenafronteira.com.br\/?p=36248"},"modified":"2026-09-05T19:37:26","modified_gmt":"2026-09-05T22:37:26","slug":"foz-do-iguacu-e-parana-no-ritmo-do-rock-in-rio-2026","status":"publish","type":"post","link":"https:\/\/acontecenafronteira.com.br\/index.php\/2026\/09\/05\/foz-do-iguacu-e-parana-no-ritmo-do-rock-in-rio-2026\/","title":{"rendered":"Foz do Igua\u00e7u e Paran\u00e1 no ritmo do Rock in Rio 2026"},"content":{"rendered":"<p>O peso do heavy metal tomou conta do Rock in Rio 2026 neste s\u00e1bado (5), atraindo f\u00e3s de diversas regi\u00f5es, incluindo admiradores da m\u00fasica pesada do Paran\u00e1. O segundo dia de festival foi marcado pela despedida do Sepultura, que subiu ao palco em um dos momentos mais simb\u00f3licos da programa\u00e7\u00e3o, e terminou ao som do Avenged Sevenfold.<\/p>\n<h2>A abertura com Malvada e o som pesado<\/h2>\n<p>A banda Malvada abriu o Palco Sunset, com uma mistura de heavy metal e hard rock e uma homenagem a Rita Lee. Enquanto a chuva e o Avenged Sevenfold n\u00e3o chegavam, o Palco Sunset come\u00e7ou a aplacar a sede do p\u00fablico por som pesado com a apresenta\u00e7\u00e3o da banda feminina.<\/p>\n<h2>A despedida hist\u00f3rica do Sepultura<\/h2>\n<p>Se-pul-tu-ra! Se-pul-tu-ra! Os gritos dos f\u00e3s, formando um mar de camisas pretas disfar\u00e7ado sob capas de chuva pl\u00e1sticas, come\u00e7aram a tomar a frente do Palco Mundo ap\u00f3s a exibi\u00e7\u00e3o dos avi\u00f5es que marca o in\u00edcio dos shows no principal espa\u00e7o do festival, na tarde chuvosa deste s\u00e1bado, mostrando a compet\u00eancia de sempre em sua \u00faltima passagem pelo evento.<\/p>\n<h2>Black Pantera e a consagra\u00e7\u00e3o no Palco Sunset<\/h2>\n<p>Nome mais do que adequado para dar sequ\u00eancia \u00e0 festa metal-hardcore do Sepultura no Palco Mundo, o Black Pantera tomou o Sunset em momento de consagra\u00e7\u00e3o. A banda, que construiu seu nome na estrada com seu peso e indigna\u00e7\u00e3o, chegou para apresentar o seu novo e mais elaborado disco, &#8220;Continental&#8221;, contagiando o p\u00fablico que compareceu em peso apesar da amea\u00e7a de chuva.<\/p>\n<p>O festival segue reunindo grandes \u00edcones da m\u00fasica mundial e nacional, consolidando mais uma edi\u00e7\u00e3o hist\u00f3rica repleta de momentos inesquec\u00edveis para os amantes do rock.<\/p>\n<p>Por Reda\u00e7\u00e3o Acontece<\/p>\n<p>Foto: Divulga\u00e7\u00e3o \/ Ag\u00eancia O Globo<\/p>\n","protected":false},"excerpt":{"rendered":"<p>O peso do heavy metal tomou conta do Rock in Rio 2026 neste s\u00e1bado (5), atraindo f\u00e3s de diversas regi\u00f5es, incluindo admiradores da m\u00fasica pesada do Paran\u00e1. O segundo dia de festival foi marcado pela despedida do Sepultura, que subiu ao palco em um dos momentos mais simb\u00f3licos da programa\u00e7\u00e3o, e terminou ao som do [&hellip;]<\/p>\n","protected":false},"author":0,"featured_media":36258,"comment_status":"open","ping_status":"open","sticky":false,"template":"","format":"standard","meta":{"footnotes":""},"categories":[28],"tags":[],"class_list":["post-36248","post","type-post","status-publish","format-standard","has-post-thumbnail","hentry","category-mundo"],"_links":{"self":[{"href":"https:\/\/acontecenafronteira.com.br\/index.php\/wp-json\/wp\/v2\/posts\/36248","targetHints":{"allow":["GET"]}}],"collection":[{"href":"https:\/\/acontecenafronteira.com.br\/index.php\/wp-json\/wp\/v2\/posts"}],"about":[{"href":"https:\/\/acontecenafronteira.com.br\/index.php\/wp-json\/wp\/v2\/types\/post"}],"replies":[{"embeddable":true,"href":"https:\/\/acontecenafronteira.com.br\/index.php\/wp-json\/wp\/v2\/comments?post=36248"}],"version-history":[{"count":1,"href":"https:\/\/acontecenafronteira.com.br\/index.php\/wp-json\/wp\/v2\/posts\/36248\/revisions"}],"predecessor-version":[{"id":36257,"href":"https:\/\/acontecenafronteira.com.br\/index.php\/wp-json\/wp\/v2\/posts\/36248\/revisions\/36257"}],"wp:featuredmedia":[{"embeddable":true,"href":"https:\/\/acontecenafronteira.com.br\/index.php\/wp-json\/wp\/v2\/media\/36258"}],"wp:attachment":[{"href":"https:\/\/acontecenafronteira.com.br\/index.php\/wp-json\/wp\/v2\/media?parent=36248"}],"wp:term":[{"taxonomy":"category","embeddable":true,"href":"https:\/\/acontecenafronteira.com.br\/index.php\/wp-json\/wp\/v2\/categories?post=36248"},{"taxonomy":"post_tag","embeddable":true,"href":"https:\/\/acontecenafronteira.com.br\/index.php\/wp-json\/wp\/v2\/tags?post=36248"}],"curies":[{"name":"wp","href":"https:\/\/api.w.org\/{rel}","templated":true}]}}