{"id":36247,"date":"2026-09-05T19:37:08","date_gmt":"2026-09-05T22:37:08","guid":{"rendered":"https:\/\/acontecenafronteira.com.br\/?p=36247"},"modified":"2026-09-05T19:37:08","modified_gmt":"2026-09-05T22:37:08","slug":"ator-joao-victor-sofre-ataques-e-recebe-apoio-de-famosos","status":"publish","type":"post","link":"https:\/\/acontecenafronteira.com.br\/index.php\/2026\/09\/05\/ator-joao-victor-sofre-ataques-e-recebe-apoio-de-famosos\/","title":{"rendered":"Ator Jo\u00e3o Victor sofre ataques e recebe apoio de famosos"},"content":{"rendered":"<p>O ator Jo\u00e3o Victor Gon\u00e7alves, int\u00e9rprete do personagem Mau Mau na novela &#8220;Quem ama cuida&#8221;, foi alvo de ataques de cunho homof\u00f3bico ao deixar a Cidade do Rio ap\u00f3s curtir o festival Rock in Rio na madrugada de s\u00e1bado (5). Visivelmente abalado, o artista usou as redes sociais para relatar o epis\u00f3dio e acabou mobilizando uma corrente de solidariedade entre celebridades e colegas de profiss\u00e3o.<\/p>\n<h2>Repercuss\u00e3o e revolta entre os artistas<\/h2>\n<p>A rea\u00e7\u00e3o \u00e0 hostilidade sofrida pelo jovem foi imediata no meio art\u00edstico. Nomes de peso como Pedro Waddington, Lucas Jagger, Sergio Guiz\u00e9, Isabela Garcia, Z\u00e9lia Duncan e Bruno Fagundes publicaram mensagens p\u00fablicas repudiando a viol\u00eancia e prestando total apoio ao ator.<\/p>\n<p>Pedro Alves, colega de elenco que contracena diretamente com Jo\u00e3o Victor na televis\u00e3o, demonstrou revolta com a situa\u00e7\u00e3o. Em um desabafo contundente, o ator confessou sentir profunda raiva e lamentou a dist\u00e2ncia no momento do ocorrido, afirmando que daria tudo para estar presente e impedir a agress\u00e3o.<\/p>\n<h2>Reflex\u00e3o sobre preconceito e arte<\/h2>\n<p>A cantora Z\u00e9lia Duncan tamb\u00e9m se manifestou sobre o caso, criticando o fato de a abordagem ter sido tratada como divers\u00e3o por um transmissor ao vivo na internet. A artista pontuou que constrangimento e intimida\u00e7\u00e3o n\u00e3o configuram entretenimento, mas sim crimes, refor\u00e7ando que a viol\u00eancia sofrida n\u00e3o diminui a dignidade do ator.<\/p>\n<p>Isabela Garcia, que interpreta a m\u00e3e de Mau Mau na fic\u00e7\u00e3o, enviou palavras de carinho, enquanto Bruno Fagundes e Vinicius Teixeira somaram for\u00e7as \u00e0 rede de apoio ao jovem.<\/p>\n<p>O pr\u00f3prio Jo\u00e3o Victor relacionou a agress\u00e3o \u00e0 dura realidade retratada por seu personagem na teledramaturgia. Segundo ele, enfrentar a homofobia estrutural na fic\u00e7\u00e3o serviu como um preparo psicol\u00f3gico doloroso para lidar com o preconceito real nas ruas, destacando que precisou engolir o medo e seguir em frente assim como seu alter ego televisivo.<\/p>\n<p>Por Reda\u00e7\u00e3o Acontece Cr\u00e9ditos da imagem: Reprodu\u00e7\u00e3o\/Instagram<\/p>\n","protected":false},"excerpt":{"rendered":"<p>O ator Jo\u00e3o Victor Gon\u00e7alves, int\u00e9rprete do personagem Mau Mau na novela &#8220;Quem ama cuida&#8221;, foi alvo de ataques de cunho homof\u00f3bico ao deixar a Cidade do Rio ap\u00f3s curtir o festival Rock in Rio na madrugada de s\u00e1bado (5). Visivelmente abalado, o artista usou as redes sociais para relatar o epis\u00f3dio e acabou mobilizando [&hellip;]<\/p>\n","protected":false},"author":0,"featured_media":36256,"comment_status":"open","ping_status":"open","sticky":false,"template":"","format":"standard","meta":{"footnotes":""},"categories":[28],"tags":[],"class_list":["post-36247","post","type-post","status-publish","format-standard","has-post-thumbnail","hentry","category-mundo"],"_links":{"self":[{"href":"https:\/\/acontecenafronteira.com.br\/index.php\/wp-json\/wp\/v2\/posts\/36247","targetHints":{"allow":["GET"]}}],"collection":[{"href":"https:\/\/acontecenafronteira.com.br\/index.php\/wp-json\/wp\/v2\/posts"}],"about":[{"href":"https:\/\/acontecenafronteira.com.br\/index.php\/wp-json\/wp\/v2\/types\/post"}],"replies":[{"embeddable":true,"href":"https:\/\/acontecenafronteira.com.br\/index.php\/wp-json\/wp\/v2\/comments?post=36247"}],"version-history":[{"count":1,"href":"https:\/\/acontecenafronteira.com.br\/index.php\/wp-json\/wp\/v2\/posts\/36247\/revisions"}],"predecessor-version":[{"id":36255,"href":"https:\/\/acontecenafronteira.com.br\/index.php\/wp-json\/wp\/v2\/posts\/36247\/revisions\/36255"}],"wp:featuredmedia":[{"embeddable":true,"href":"https:\/\/acontecenafronteira.com.br\/index.php\/wp-json\/wp\/v2\/media\/36256"}],"wp:attachment":[{"href":"https:\/\/acontecenafronteira.com.br\/index.php\/wp-json\/wp\/v2\/media?parent=36247"}],"wp:term":[{"taxonomy":"category","embeddable":true,"href":"https:\/\/acontecenafronteira.com.br\/index.php\/wp-json\/wp\/v2\/categories?post=36247"},{"taxonomy":"post_tag","embeddable":true,"href":"https:\/\/acontecenafronteira.com.br\/index.php\/wp-json\/wp\/v2\/tags?post=36247"}],"curies":[{"name":"wp","href":"https:\/\/api.w.org\/{rel}","templated":true}]}}