{"id":36246,"date":"2026-09-05T19:37:03","date_gmt":"2026-09-05T22:37:03","guid":{"rendered":"https:\/\/acontecenafronteira.com.br\/?p=36246"},"modified":"2026-09-05T19:37:03","modified_gmt":"2026-09-05T22:37:03","slug":"pesquisa-datafolha-no-parana-e-cenario-eleitoral-para-2026","status":"publish","type":"post","link":"https:\/\/acontecenafronteira.com.br\/index.php\/2026\/09\/05\/pesquisa-datafolha-no-parana-e-cenario-eleitoral-para-2026\/","title":{"rendered":"Pesquisa Datafolha no Paran\u00e1 e cen\u00e1rio eleitoral para 2026"},"content":{"rendered":"<p>Uma pesquisa recente realizada pelo instituto Datafolha revelou que 46% dos eleitores brasileiros est\u00e3o mais apreensivos com o pleito presidencial atual em compara\u00e7\u00e3o com o ano de 2022. O levantamento tamb\u00e9m mapeou o grau de engajamento e a decis\u00e3o dos cidad\u00e3os em comparecer \u00e0s urnas.<\/p>\n<h2>N\u00edvel de preocupa\u00e7\u00e3o entre eleitores<\/h2>\n<\/p>\n<p>De acordo com os dados coletados, 28% dos entrevistados relataram o mesmo n\u00edvel de preocupa\u00e7\u00e3o da elei\u00e7\u00e3o passada, enquanto 24% afirmaram estar menos apreensivos. A menor taxa de preocupa\u00e7\u00e3o foi registrada entre os apoiadores do atual presidente Luiz In\u00e1cio Lula da Silva, onde apenas 30% se dizem mais preocupados. Por outro lado, eleitores inclinados a votar no senador Fl\u00e1vio Bolsonaro lideram o \u00edndice de apreens\u00e3o, atingindo 63%.<\/p>\n<h2>Decis\u00e3o de voto e comparecimento \u00e0s urnas<\/h2>\n<\/p>\n<p>O estudo apontou ainda que 57% da popula\u00e7\u00e3o eleitora est\u00e1 mais resoluta sobre a ida \u00e0s urnas em outubro. Outros 32% mant\u00eam o mesmo n\u00edvel de decis\u00e3o do pleito anterior, e 11% demonstram menos certeza. Entre os eleitores de Fl\u00e1vio Bolsonaro e de Lula, h\u00e1 um empate t\u00e9cnico na firmeza da decis\u00e3o, com 68% e 61%, respectivamente, afirmando estarem mais decididos.<\/p>\n<h2>Metodologia da pesquisa Datafolha<\/h2>\n<\/p>\n<p>O levantamento ouviu 2.002 pessoas distribu\u00eddas em 125 munic\u00edpios brasileiros entre os dias 1\u00ba e 2 de outubro. A margem de erro estimada para o total da amostra \u00e9 de dois pontos percentuais para mais ou para menos, com um n\u00edvel de confian\u00e7a estabelecido em 95%. O registro oficial no Tribunal Superior Eleitoral foi feito sob o protocolo BR-03669\/2026.<\/p>\n<p>Por Reda\u00e7\u00e3o Acontece<\/p>\n<p>Imagem: Divulga\u00e7\u00e3o \/ Datafolha<\/p>\n","protected":false},"excerpt":{"rendered":"<p>Uma pesquisa recente realizada pelo instituto Datafolha revelou que 46% dos eleitores brasileiros est\u00e3o mais apreensivos com o pleito presidencial atual em compara\u00e7\u00e3o com o ano de 2022. O levantamento tamb\u00e9m mapeou o grau de engajamento e a decis\u00e3o dos cidad\u00e3os em comparecer \u00e0s urnas. N\u00edvel de preocupa\u00e7\u00e3o entre eleitores De acordo com os dados [&hellip;]<\/p>\n","protected":false},"author":0,"featured_media":36254,"comment_status":"open","ping_status":"open","sticky":false,"template":"","format":"standard","meta":{"footnotes":""},"categories":[28],"tags":[],"class_list":["post-36246","post","type-post","status-publish","format-standard","has-post-thumbnail","hentry","category-mundo"],"_links":{"self":[{"href":"https:\/\/acontecenafronteira.com.br\/index.php\/wp-json\/wp\/v2\/posts\/36246","targetHints":{"allow":["GET"]}}],"collection":[{"href":"https:\/\/acontecenafronteira.com.br\/index.php\/wp-json\/wp\/v2\/posts"}],"about":[{"href":"https:\/\/acontecenafronteira.com.br\/index.php\/wp-json\/wp\/v2\/types\/post"}],"replies":[{"embeddable":true,"href":"https:\/\/acontecenafronteira.com.br\/index.php\/wp-json\/wp\/v2\/comments?post=36246"}],"version-history":[{"count":1,"href":"https:\/\/acontecenafronteira.com.br\/index.php\/wp-json\/wp\/v2\/posts\/36246\/revisions"}],"predecessor-version":[{"id":36253,"href":"https:\/\/acontecenafronteira.com.br\/index.php\/wp-json\/wp\/v2\/posts\/36246\/revisions\/36253"}],"wp:featuredmedia":[{"embeddable":true,"href":"https:\/\/acontecenafronteira.com.br\/index.php\/wp-json\/wp\/v2\/media\/36254"}],"wp:attachment":[{"href":"https:\/\/acontecenafronteira.com.br\/index.php\/wp-json\/wp\/v2\/media?parent=36246"}],"wp:term":[{"taxonomy":"category","embeddable":true,"href":"https:\/\/acontecenafronteira.com.br\/index.php\/wp-json\/wp\/v2\/categories?post=36246"},{"taxonomy":"post_tag","embeddable":true,"href":"https:\/\/acontecenafronteira.com.br\/index.php\/wp-json\/wp\/v2\/tags?post=36246"}],"curies":[{"name":"wp","href":"https:\/\/api.w.org\/{rel}","templated":true}]}}