{"id":36245,"date":"2026-09-05T19:36:50","date_gmt":"2026-09-05T22:36:50","guid":{"rendered":"https:\/\/acontecenafronteira.com.br\/?p=36245"},"modified":"2026-09-05T19:36:50","modified_gmt":"2026-09-05T22:36:50","slug":"black-pantera-no-parana-banda-brilha-em-festival-de-rock","status":"publish","type":"post","link":"https:\/\/acontecenafronteira.com.br\/index.php\/2026\/09\/05\/black-pantera-no-parana-banda-brilha-em-festival-de-rock\/","title":{"rendered":"Black Pantera no Paran\u00e1: Banda brilha em festival de rock"},"content":{"rendered":"<p>O cen\u00e1rio do rock nacional vive um momento de grande efervesc\u00eancia, e nomes de peso ganham cada vez mais destaque nos grandes palcos do pa\u00eds, levando sua energia para f\u00e3s de todos os estados, incluindo o Paran\u00e1.<\/p>\n<h2>A consagra\u00e7\u00e3o do som pesado<\/h2>\n<p>A trajet\u00f3ria do Black Pantera \u00e9 marcada por muita estrada, resist\u00eancia e sonoridade agressiva. Com o lan\u00e7amento do \u00e1lbum Continental, o trio consolidou seu espa\u00e7o entre os grandes nomes do g\u00eanero, atraindo multid\u00f5es e entregando apresenta\u00e7\u00f5es memor\u00e1veis.<\/p>\n<h3>Atitude e engajamento no palco<\/h3>\n<p>A abertura dos shows costuma ser avassaladora, combinando ilumina\u00e7\u00e3o marcante e faixas de forte apelo pol\u00edtico e social. O p\u00fablico n\u00e3o perde tempo e logo forma as tradicionais rodas punk, demonstrando a for\u00e7a e a uni\u00e3o dos f\u00e3s de m\u00fasica pesada.<\/p>\n<p>Parcerias com outros grandes expoentes do metal nacional enriquecem ainda mais as apresenta\u00e7\u00f5es, provando que o estilo musical \u00e9 diverso e plural. A fus\u00e3o de diferentes vertentes do rock e do metal pesado garante espet\u00e1culos intensos do in\u00edcio ao fim.<\/p>\n<p>A energia contagiante desses artistas refor\u00e7a a import\u00e2ncia da renova\u00e7\u00e3o no cen\u00e1rio musical brasileiro, abrindo espa\u00e7o para novas vozes e consolidando o estilo em todas as regi\u00f5es do pa\u00eds.<\/p>\n<p>Por Reda\u00e7\u00e3o Acontece<\/p>\n<p>Foto: Divulga\u00e7\u00e3o<\/p>\n","protected":false},"excerpt":{"rendered":"<p>O cen\u00e1rio do rock nacional vive um momento de grande efervesc\u00eancia, e nomes de peso ganham cada vez mais destaque nos grandes palcos do pa\u00eds, levando sua energia para f\u00e3s de todos os estados, incluindo o Paran\u00e1. A consagra\u00e7\u00e3o do som pesado A trajet\u00f3ria do Black Pantera \u00e9 marcada por muita estrada, resist\u00eancia e sonoridade [&hellip;]<\/p>\n","protected":false},"author":0,"featured_media":36252,"comment_status":"open","ping_status":"open","sticky":false,"template":"","format":"standard","meta":{"footnotes":""},"categories":[28],"tags":[],"class_list":["post-36245","post","type-post","status-publish","format-standard","has-post-thumbnail","hentry","category-mundo"],"_links":{"self":[{"href":"https:\/\/acontecenafronteira.com.br\/index.php\/wp-json\/wp\/v2\/posts\/36245","targetHints":{"allow":["GET"]}}],"collection":[{"href":"https:\/\/acontecenafronteira.com.br\/index.php\/wp-json\/wp\/v2\/posts"}],"about":[{"href":"https:\/\/acontecenafronteira.com.br\/index.php\/wp-json\/wp\/v2\/types\/post"}],"replies":[{"embeddable":true,"href":"https:\/\/acontecenafronteira.com.br\/index.php\/wp-json\/wp\/v2\/comments?post=36245"}],"version-history":[{"count":1,"href":"https:\/\/acontecenafronteira.com.br\/index.php\/wp-json\/wp\/v2\/posts\/36245\/revisions"}],"predecessor-version":[{"id":36251,"href":"https:\/\/acontecenafronteira.com.br\/index.php\/wp-json\/wp\/v2\/posts\/36245\/revisions\/36251"}],"wp:featuredmedia":[{"embeddable":true,"href":"https:\/\/acontecenafronteira.com.br\/index.php\/wp-json\/wp\/v2\/media\/36252"}],"wp:attachment":[{"href":"https:\/\/acontecenafronteira.com.br\/index.php\/wp-json\/wp\/v2\/media?parent=36245"}],"wp:term":[{"taxonomy":"category","embeddable":true,"href":"https:\/\/acontecenafronteira.com.br\/index.php\/wp-json\/wp\/v2\/categories?post=36245"},{"taxonomy":"post_tag","embeddable":true,"href":"https:\/\/acontecenafronteira.com.br\/index.php\/wp-json\/wp\/v2\/tags?post=36245"}],"curies":[{"name":"wp","href":"https:\/\/api.w.org\/{rel}","templated":true}]}}