{"id":36244,"date":"2026-09-05T19:36:39","date_gmt":"2026-09-05T22:36:39","guid":{"rendered":"https:\/\/acontecenafronteira.com.br\/?p=36244"},"modified":"2026-09-05T19:36:39","modified_gmt":"2026-09-05T22:36:39","slug":"zanin-aciona-tre-pr-por-vazamento-de-dados-sigilosos","status":"publish","type":"post","link":"https:\/\/acontecenafronteira.com.br\/index.php\/2026\/09\/05\/zanin-aciona-tre-pr-por-vazamento-de-dados-sigilosos\/","title":{"rendered":"Zanin aciona TRE-PR por vazamento de dados sigilosos"},"content":{"rendered":"<p>O ministro Cristiano Zanin, integrante do Supremo Tribunal Federal, acionou neste s\u00e1bado a presid\u00eancia da pr\u00f3pria Corte, o Tribunal Superior Eleitoral e o Tribunal Regional Eleitoral do Paran\u00e1 exigindo medidas rigorosas diante de um suposto vazamento de informa\u00e7\u00f5es fiscais e banc\u00e1rias sigilosas.<\/p>\n<h2>O caso no Paran\u00e1<\/h2>\n<p>Os dados confidenciais vieram a p\u00fablico ap\u00f3s serem integrados ao sistema do TRE paranaense pela equipe jur\u00eddica do ex-deputado Deltan Dallagnol, que na \u00e9poca disputava o Senado pelo estado. O material fazia parte de um procedimento que tramitava no Conselho Nacional do Minist\u00e9rio P\u00fablico.<\/p>\n<h2>Rea\u00e7\u00e3o e pedidos de investiga\u00e7\u00e3o<\/h2>\n<p>Nos documentos enviados aos \u00f3rg\u00e3os competentes, a autoridade judici\u00e1ria exigiu a corre\u00e7\u00e3o imediata da irregularidade apontada, al\u00e9m do encaminhamento dos avisos necess\u00e1rios para que os respons\u00e1veis sejam punidos inclusive na esfera criminal.<\/p>\n<h2>Justificativa da defesa<\/h2>\n<p>Por sua vez, os advogados do ex-procurador argumentaram que a inclus\u00e3o integral dos documentos ocorreu de maneira transparente, com o objetivo de responder a contesta\u00e7\u00f5es sobre a candidatura e sem a inten\u00e7\u00e3o de ocultar qualquer detalhe relevante para a an\u00e1lise.<\/p>\n<p>O imbr\u00f3glio ganhou repercuss\u00e3o nacional ap\u00f3s a divulga\u00e7\u00e3o inicial dos fatos pela imprensa, colocando em foco a seguran\u00e7a de informa\u00e7\u00f5es sens\u00edveis inseridas em processos eleitorais no estado paranaense.<\/p>\n<p>Por Reda\u00e7\u00e3o Acontece<\/p>\n<p>Cr\u00e9ditos da imagem: Divulga\u00e7\u00e3o \/ STF<\/p>\n","protected":false},"excerpt":{"rendered":"<p>O ministro Cristiano Zanin, integrante do Supremo Tribunal Federal, acionou neste s\u00e1bado a presid\u00eancia da pr\u00f3pria Corte, o Tribunal Superior Eleitoral e o Tribunal Regional Eleitoral do Paran\u00e1 exigindo medidas rigorosas diante de um suposto vazamento de informa\u00e7\u00f5es fiscais e banc\u00e1rias sigilosas. O caso no Paran\u00e1 Os dados confidenciais vieram a p\u00fablico ap\u00f3s serem integrados [&hellip;]<\/p>\n","protected":false},"author":0,"featured_media":36250,"comment_status":"open","ping_status":"open","sticky":false,"template":"","format":"standard","meta":{"footnotes":""},"categories":[28],"tags":[],"class_list":["post-36244","post","type-post","status-publish","format-standard","has-post-thumbnail","hentry","category-mundo"],"_links":{"self":[{"href":"https:\/\/acontecenafronteira.com.br\/index.php\/wp-json\/wp\/v2\/posts\/36244","targetHints":{"allow":["GET"]}}],"collection":[{"href":"https:\/\/acontecenafronteira.com.br\/index.php\/wp-json\/wp\/v2\/posts"}],"about":[{"href":"https:\/\/acontecenafronteira.com.br\/index.php\/wp-json\/wp\/v2\/types\/post"}],"replies":[{"embeddable":true,"href":"https:\/\/acontecenafronteira.com.br\/index.php\/wp-json\/wp\/v2\/comments?post=36244"}],"version-history":[{"count":1,"href":"https:\/\/acontecenafronteira.com.br\/index.php\/wp-json\/wp\/v2\/posts\/36244\/revisions"}],"predecessor-version":[{"id":36249,"href":"https:\/\/acontecenafronteira.com.br\/index.php\/wp-json\/wp\/v2\/posts\/36244\/revisions\/36249"}],"wp:featuredmedia":[{"embeddable":true,"href":"https:\/\/acontecenafronteira.com.br\/index.php\/wp-json\/wp\/v2\/media\/36250"}],"wp:attachment":[{"href":"https:\/\/acontecenafronteira.com.br\/index.php\/wp-json\/wp\/v2\/media?parent=36244"}],"wp:term":[{"taxonomy":"category","embeddable":true,"href":"https:\/\/acontecenafronteira.com.br\/index.php\/wp-json\/wp\/v2\/categories?post=36244"},{"taxonomy":"post_tag","embeddable":true,"href":"https:\/\/acontecenafronteira.com.br\/index.php\/wp-json\/wp\/v2\/tags?post=36244"}],"curies":[{"name":"wp","href":"https:\/\/api.w.org\/{rel}","templated":true}]}}