{"id":36218,"date":"2026-09-05T18:37:23","date_gmt":"2026-09-05T21:37:23","guid":{"rendered":"https:\/\/acontecenafronteira.com.br\/?p=36218"},"modified":"2026-09-05T18:37:23","modified_gmt":"2026-09-05T21:37:23","slug":"luigi-cini-brilha-no-stu-pro-tour-e-vai-a-final-em-brasilia","status":"publish","type":"post","link":"https:\/\/acontecenafronteira.com.br\/index.php\/2026\/09\/05\/luigi-cini-brilha-no-stu-pro-tour-e-vai-a-final-em-brasilia\/","title":{"rendered":"Luigi Cini brilha no STU Pro Tour e vai \u00e0 final em Bras\u00edlia"},"content":{"rendered":"<p>O skatista paranaense <strong>Luigi Cini<\/strong> foi o grande destaque da primeira bateria do <strong>STU Pro Tour<\/strong>, competi\u00e7\u00e3o realizada neste fim de semana em Bras\u00edlia. Com uma pontua\u00e7\u00e3o expressiva de 85.33 alcan\u00e7ada em sua \u00faltima descida, o atleta de Curitiba garantiu a classifica\u00e7\u00e3o direta para a grande final da modalidade vertical.<\/p>\n<h2>Estrat\u00e9gia e supera\u00e7\u00e3o na pista<\/h2>\n<p>Ap\u00f3s cometer erros nas duas primeiras tentativas, o competidor do Paran\u00e1 precisou arriscar em sua \u00faltima apresenta\u00e7\u00e3o para assegurar a vaga. O alto n\u00edvel t\u00e9cnico exigido no torneio impediu manobras conservadoras, resultando na execu\u00e7\u00e3o bem-sucedida de uma manobra in\u00e9dita planejada pelo atleta.<\/p>\n<h2>Classifica\u00e7\u00e3o da primeira bateria<\/h2>\n<p>A disputa inicial reuniu grandes nomes do esporte nacional e internacional. Com o desempenho de destaque, Luigi Cini liderou a fase eliminat\u00f3ria, deixando para tr\u00e1s concorrentes de diferentes estados e pa\u00edses.<\/p>\n<p>O paranaense encabe\u00e7ou a tabela com 85.33 pontos, seguido por Thomas Augusto (SC) com 84.22, Rony Gomes (SP) com 72.00, Steven Pineiro (Porto Rico) com 62.37 e Vinicius Kothe (SC) com 40.00.<\/p>\n<h2>Programa\u00e7\u00e3o das finais<\/h2>\n<p>O evento continua neste domingo com os treinos, as semifinais e a defini\u00e7\u00e3o dos campe\u00f5es. A programa\u00e7\u00e3o oficial prev\u00ea as disputas da modalidade vertical e do street ao longo do dia, encerrando com as premia\u00e7\u00f5es oficiais da etapa.<\/p>\n<p>Por Reda\u00e7\u00e3o Acontece<\/p>\n<p>Foto: Divulga\u00e7\u00e3o \/ STU Pro Tour<\/p>\n","protected":false},"excerpt":{"rendered":"<p>O skatista paranaense Luigi Cini foi o grande destaque da primeira bateria do STU Pro Tour, competi\u00e7\u00e3o realizada neste fim de semana em Bras\u00edlia. Com uma pontua\u00e7\u00e3o expressiva de 85.33 alcan\u00e7ada em sua \u00faltima descida, o atleta de Curitiba garantiu a classifica\u00e7\u00e3o direta para a grande final da modalidade vertical. Estrat\u00e9gia e supera\u00e7\u00e3o na pista [&hellip;]<\/p>\n","protected":false},"author":0,"featured_media":36228,"comment_status":"open","ping_status":"open","sticky":false,"template":"","format":"standard","meta":{"footnotes":""},"categories":[6],"tags":[],"class_list":["post-36218","post","type-post","status-publish","format-standard","has-post-thumbnail","hentry","category-mercosul"],"_links":{"self":[{"href":"https:\/\/acontecenafronteira.com.br\/index.php\/wp-json\/wp\/v2\/posts\/36218","targetHints":{"allow":["GET"]}}],"collection":[{"href":"https:\/\/acontecenafronteira.com.br\/index.php\/wp-json\/wp\/v2\/posts"}],"about":[{"href":"https:\/\/acontecenafronteira.com.br\/index.php\/wp-json\/wp\/v2\/types\/post"}],"replies":[{"embeddable":true,"href":"https:\/\/acontecenafronteira.com.br\/index.php\/wp-json\/wp\/v2\/comments?post=36218"}],"version-history":[{"count":1,"href":"https:\/\/acontecenafronteira.com.br\/index.php\/wp-json\/wp\/v2\/posts\/36218\/revisions"}],"predecessor-version":[{"id":36227,"href":"https:\/\/acontecenafronteira.com.br\/index.php\/wp-json\/wp\/v2\/posts\/36218\/revisions\/36227"}],"wp:featuredmedia":[{"embeddable":true,"href":"https:\/\/acontecenafronteira.com.br\/index.php\/wp-json\/wp\/v2\/media\/36228"}],"wp:attachment":[{"href":"https:\/\/acontecenafronteira.com.br\/index.php\/wp-json\/wp\/v2\/media?parent=36218"}],"wp:term":[{"taxonomy":"category","embeddable":true,"href":"https:\/\/acontecenafronteira.com.br\/index.php\/wp-json\/wp\/v2\/categories?post=36218"},{"taxonomy":"post_tag","embeddable":true,"href":"https:\/\/acontecenafronteira.com.br\/index.php\/wp-json\/wp\/v2\/tags?post=36218"}],"curies":[{"name":"wp","href":"https:\/\/api.w.org\/{rel}","templated":true}]}}