{"id":36217,"date":"2026-09-05T18:37:19","date_gmt":"2026-09-05T21:37:19","guid":{"rendered":"https:\/\/acontecenafronteira.com.br\/?p=36217"},"modified":"2026-09-05T18:37:19","modified_gmt":"2026-09-05T21:37:19","slug":"fafa-de-belem-leva-devocao-e-cultura-do-cirio-para-portugal","status":"publish","type":"post","link":"https:\/\/acontecenafronteira.com.br\/index.php\/2026\/09\/05\/fafa-de-belem-leva-devocao-e-cultura-do-cirio-para-portugal\/","title":{"rendered":"Faf\u00e1 de Bel\u00e9m leva devo\u00e7\u00e3o e cultura do C\u00edrio para Portugal"},"content":{"rendered":"<p>A renomada cantora Faf\u00e1 de Bel\u00e9m deu um passo in\u00e9dito em sua trajet\u00f3ria cultural ao lan\u00e7ar, em Lisboa, o chamado Encontro das Nazar\u00e9s. O projeto tem como principal objetivo estreitar os la\u00e7os entre Portugal e o Brasil atrav\u00e9s da profunda devo\u00e7\u00e3o a Nossa Senhora de Nazar\u00e9, conectando tradi\u00e7\u00f5es seculares dos dois lados do Atl\u00e2ntico.<\/p>\n<h2>A expans\u00e3o internacional da f\u00e9<\/h2>\n<p>\nA iniciativa culmina em participa\u00e7\u00f5es especiais nas Festas em Honra de Nossa Senhora de Nazar\u00e9, onde a artista se apresenta ao lado de grandes expoentes da m\u00fasica portuguesa, como Jorge Fernando, F\u00e1bia Rebord\u00e3o e Fernando Pereira. O interc\u00e2mbio cultural refor\u00e7a que a mesma devo\u00e7\u00e3o une correntes religiosas tanto na vila do S\u00edtio, em solo portugu\u00eas, quanto no cora\u00e7\u00e3o da cultura popular paraense.<\/p>\n<h2>Tradi\u00e7\u00e3o e o C\u00edrio de Bel\u00e9m<\/h2>\n<p>\nIdealizadora da famosa Varanda de Nazar\u00e9 \u2014 iniciativa tur\u00edstica e cultural com 15 anos de hist\u00f3ria em Bel\u00e9m \u2014, Faf\u00e1 de Bel\u00e9m destaca que a festividade religiosa \u00e9 um marco indel\u00e9vel na identidade dos paraenses. Nascida sob forte influ\u00eancia familiar e devota fervorosa, a cantora ressalta que o C\u00edrio de Nazar\u00e9 transcende fronteiras geogr\u00e1ficas, acompanhando os fi\u00e9is para onde quer que mudem de resid\u00eancia.<\/p>\n<h2>Preparativos para 2026<\/h2>\n<p>\nEnquanto expande horizontes na Europa, a artista j\u00e1 movimenta os preparativos para a 16\u00aa edi\u00e7\u00e3o da Varanda de Nazar\u00e9 no Brasil, agendada para outubro de 2026. O evento trar\u00e1 como tem\u00e1tica central \u201cCoragem que floresce na f\u00e9\u201d, homenageando a for\u00e7a e a ancestralidade das lend\u00e1rias guerreiras amaz\u00f4nicas Icamiabas, al\u00e9m de debater a relev\u00e2ncia feminina na regi\u00e3o por meio do F\u00f3rum Varanda da Amaz\u00f4nia.<\/p>\n<p>Por Reda\u00e7\u00e3o Acontece<\/p>\n<p>Foto: Divulga\u00e7\u00e3o \/ Redes Sociais<\/p>\n","protected":false},"excerpt":{"rendered":"<p>A renomada cantora Faf\u00e1 de Bel\u00e9m deu um passo in\u00e9dito em sua trajet\u00f3ria cultural ao lan\u00e7ar, em Lisboa, o chamado Encontro das Nazar\u00e9s. O projeto tem como principal objetivo estreitar os la\u00e7os entre Portugal e o Brasil atrav\u00e9s da profunda devo\u00e7\u00e3o a Nossa Senhora de Nazar\u00e9, conectando tradi\u00e7\u00f5es seculares dos dois lados do Atl\u00e2ntico. A [&hellip;]<\/p>\n","protected":false},"author":0,"featured_media":36226,"comment_status":"open","ping_status":"open","sticky":false,"template":"","format":"standard","meta":{"footnotes":""},"categories":[6],"tags":[],"class_list":["post-36217","post","type-post","status-publish","format-standard","has-post-thumbnail","hentry","category-mercosul"],"_links":{"self":[{"href":"https:\/\/acontecenafronteira.com.br\/index.php\/wp-json\/wp\/v2\/posts\/36217","targetHints":{"allow":["GET"]}}],"collection":[{"href":"https:\/\/acontecenafronteira.com.br\/index.php\/wp-json\/wp\/v2\/posts"}],"about":[{"href":"https:\/\/acontecenafronteira.com.br\/index.php\/wp-json\/wp\/v2\/types\/post"}],"replies":[{"embeddable":true,"href":"https:\/\/acontecenafronteira.com.br\/index.php\/wp-json\/wp\/v2\/comments?post=36217"}],"version-history":[{"count":1,"href":"https:\/\/acontecenafronteira.com.br\/index.php\/wp-json\/wp\/v2\/posts\/36217\/revisions"}],"predecessor-version":[{"id":36225,"href":"https:\/\/acontecenafronteira.com.br\/index.php\/wp-json\/wp\/v2\/posts\/36217\/revisions\/36225"}],"wp:featuredmedia":[{"embeddable":true,"href":"https:\/\/acontecenafronteira.com.br\/index.php\/wp-json\/wp\/v2\/media\/36226"}],"wp:attachment":[{"href":"https:\/\/acontecenafronteira.com.br\/index.php\/wp-json\/wp\/v2\/media?parent=36217"}],"wp:term":[{"taxonomy":"category","embeddable":true,"href":"https:\/\/acontecenafronteira.com.br\/index.php\/wp-json\/wp\/v2\/categories?post=36217"},{"taxonomy":"post_tag","embeddable":true,"href":"https:\/\/acontecenafronteira.com.br\/index.php\/wp-json\/wp\/v2\/tags?post=36217"}],"curies":[{"name":"wp","href":"https:\/\/api.w.org\/{rel}","templated":true}]}}