{"id":36216,"date":"2026-09-05T18:37:15","date_gmt":"2026-09-05T21:37:15","guid":{"rendered":"https:\/\/acontecenafronteira.com.br\/?p=36216"},"modified":"2026-09-05T18:37:15","modified_gmt":"2026-09-05T21:37:15","slug":"gui-khury-brilha-em-brasilia-e-vai-a-final-do-stu-pro-tour","status":"publish","type":"post","link":"https:\/\/acontecenafronteira.com.br\/index.php\/2026\/09\/05\/gui-khury-brilha-em-brasilia-e-vai-a-final-do-stu-pro-tour\/","title":{"rendered":"Gui Khury brilha em Bras\u00edlia e vai \u00e0 final do STU Pro Tour"},"content":{"rendered":"<p>O skatista paranaense <strong>Gui Khury<\/strong>, atual melhor do mundo no skate vertical, cravou a maior nota deste s\u00e1bado (5\/9) nas disputas do <strong>STU Pro Tour<\/strong>, sediado em Bras\u00edlia.<\/p>\n<h2>Destaque paranaense na capital federal<\/h2>\n<p>Com apenas 17 anos e natural de Curitiba, o jovem talento impressionou os jurados e o p\u00fablico presente na capital do pa\u00eds ao atingir a expressiva marca de 91.00 pontos em sua bateria eliminat\u00f3ria.<\/p>\n<p>Em declara\u00e7\u00e3o concedida ao portal Metr\u00f3poles, o atleta celebrou o desempenho de alto n\u00edvel e destacou a sensa\u00e7\u00e3o de competir em solo nacional. Ele reconheceu o r\u00f3tulo de principal favorito ao t\u00edtulo, mas ponderou sobre o alto n\u00edvel t\u00e9cnico dos advers\u00e1rios presentes no torneio.<\/p>\n<h2>Dom\u00ednio de Curitiba nas eliminat\u00f3rias<\/h2>\n<p>Al\u00e9m do feito de Gui Khury, outro representante do Paran\u00e1 brilhou nas pistas brasilienses. <strong>Luigi Cini<\/strong>, tamb\u00e9m curitibano e skatista ol\u00edmpico, faturou a primeira bateria do dia ao alcan\u00e7ar 85.33 pontos com uma volta decisiva no encerramento de sua participa\u00e7\u00e3o.<\/p>\n<p>Gra\u00e7as aos resultados expressivos na fase inicial, a dupla de Curitiba garantiu classifica\u00e7\u00e3o direta \u00e0 decis\u00e3o da modalidade vertical, pulando a etapa semifinal programada para a sequ\u00eancia do evento.<\/p>\n<h2>Trajet\u00f3ria e formato do campeonato<\/h2>\n<p>O curr\u00edculo de Gui Khury conta com o t\u00edtulo mundial de Vertical conquistado em Roma no ano de 2024, al\u00e9m de recordes hist\u00f3ricos registrados no <strong>Guinness World Records<\/strong>, como a execu\u00e7\u00e3o in\u00e9dita da manobra 1080 e diversas medalhas de ouro nos X Games.<\/p>\n<p>O torneio nacional adota um formato dividido em tr\u00eas etapas. Na primeira fase, os skatistas disputam vagas diretas para a final ou para a semifinal. A competi\u00e7\u00e3o de vertical culmina neste domingo (6\/9), quando os finalistas realizam suas \u00faltimas apresenta\u00e7\u00f5es para definir os campe\u00f5es da etapa.<\/p>\n<p>Por Reda\u00e7\u00e3o Acontece<\/p>\n<p>Thiago da Luz \/ STU<\/p>\n","protected":false},"excerpt":{"rendered":"<p>O skatista paranaense Gui Khury, atual melhor do mundo no skate vertical, cravou a maior nota deste s\u00e1bado (5\/9) nas disputas do STU Pro Tour, sediado em Bras\u00edlia. Destaque paranaense na capital federal Com apenas 17 anos e natural de Curitiba, o jovem talento impressionou os jurados e o p\u00fablico presente na capital do pa\u00eds [&hellip;]<\/p>\n","protected":false},"author":0,"featured_media":36224,"comment_status":"open","ping_status":"open","sticky":false,"template":"","format":"standard","meta":{"footnotes":""},"categories":[6],"tags":[],"class_list":["post-36216","post","type-post","status-publish","format-standard","has-post-thumbnail","hentry","category-mercosul"],"_links":{"self":[{"href":"https:\/\/acontecenafronteira.com.br\/index.php\/wp-json\/wp\/v2\/posts\/36216","targetHints":{"allow":["GET"]}}],"collection":[{"href":"https:\/\/acontecenafronteira.com.br\/index.php\/wp-json\/wp\/v2\/posts"}],"about":[{"href":"https:\/\/acontecenafronteira.com.br\/index.php\/wp-json\/wp\/v2\/types\/post"}],"replies":[{"embeddable":true,"href":"https:\/\/acontecenafronteira.com.br\/index.php\/wp-json\/wp\/v2\/comments?post=36216"}],"version-history":[{"count":1,"href":"https:\/\/acontecenafronteira.com.br\/index.php\/wp-json\/wp\/v2\/posts\/36216\/revisions"}],"predecessor-version":[{"id":36223,"href":"https:\/\/acontecenafronteira.com.br\/index.php\/wp-json\/wp\/v2\/posts\/36216\/revisions\/36223"}],"wp:featuredmedia":[{"embeddable":true,"href":"https:\/\/acontecenafronteira.com.br\/index.php\/wp-json\/wp\/v2\/media\/36224"}],"wp:attachment":[{"href":"https:\/\/acontecenafronteira.com.br\/index.php\/wp-json\/wp\/v2\/media?parent=36216"}],"wp:term":[{"taxonomy":"category","embeddable":true,"href":"https:\/\/acontecenafronteira.com.br\/index.php\/wp-json\/wp\/v2\/categories?post=36216"},{"taxonomy":"post_tag","embeddable":true,"href":"https:\/\/acontecenafronteira.com.br\/index.php\/wp-json\/wp\/v2\/tags?post=36216"}],"curies":[{"name":"wp","href":"https:\/\/api.w.org\/{rel}","templated":true}]}}