{"id":36214,"date":"2026-09-05T18:37:05","date_gmt":"2026-09-05T21:37:05","guid":{"rendered":"https:\/\/acontecenafronteira.com.br\/?p=36214"},"modified":"2026-09-05T18:37:05","modified_gmt":"2026-09-05T21:37:05","slug":"nikolas-ferreira-enfrenta-ataques-no-parana-apos-polemicas","status":"publish","type":"post","link":"https:\/\/acontecenafronteira.com.br\/index.php\/2026\/09\/05\/nikolas-ferreira-enfrenta-ataques-no-parana-apos-polemicas\/","title":{"rendered":"Nikolas Ferreira enfrenta ataques no Paran\u00e1 ap\u00f3s pol\u00eamicas"},"content":{"rendered":"<p>O deputado federal Nikolas Ferreira gerou grande repercuss\u00e3o pol\u00edtica nacional e tamb\u00e9m entre eleitores do estado do Paran\u00e1 ao anunciar a divulga\u00e7\u00e3o de um novo material investigativo envolvendo F\u00e1bio Lu\u00eds Lula da Silva, conhecido como Lulinha.<\/p>\n<h2>A\u00e7\u00f5es judiciais de advers\u00e1rios<\/h2>\n<p>Logo ap\u00f3s o an\u00fancio feito pelo parlamentar, figuras da oposi\u00e7\u00e3o se movimentaram rapidamente nos tribunais. Parlamentares como Andr\u00e9 Janones e Erika Hilton acionaram a Justi\u00e7a Eleitoral buscando san\u00e7\u00f5es e a remo\u00e7\u00e3o de conte\u00fados das redes sociais do deputado mineiro.<\/p>\n<h2>Impacto das fake news e pol\u00eamicas<\/h2>\n<p>A ofensiva jur\u00eddica tamb\u00e9m ganhou for\u00e7a ap\u00f3s a divulga\u00e7\u00e3o de um documento falso atribu\u00eddo \u00e0 Pol\u00edcia Federal nas redes sociais do deputado, o que motivou pedidos formais de investiga\u00e7\u00e3o e at\u00e9 mesmo de cassa\u00e7\u00e3o de mandato por parte de advers\u00e1rios pol\u00edticos.<\/p>\n<h2>Rea\u00e7\u00e3o e pr\u00f3ximos passos<\/h2>\n<p>Apesar da press\u00e3o pol\u00edtica e das derrotas parciais nos tribunais, o parlamentar manteve a postura de confronto e garantiu que novas den\u00fancias ser\u00e3o publicadas em breve, desafiando seus opositores a continuarem recorrendo \u00e0 Justi\u00e7a.<\/p>\n<p>Por Reda\u00e7\u00e3o Acontece<\/p>\n<p>Cr\u00e9ditos da imagem: Reprodu\u00e7\u00e3o \/ Redes Sociais<\/p>\n","protected":false},"excerpt":{"rendered":"<p>O deputado federal Nikolas Ferreira gerou grande repercuss\u00e3o pol\u00edtica nacional e tamb\u00e9m entre eleitores do estado do Paran\u00e1 ao anunciar a divulga\u00e7\u00e3o de um novo material investigativo envolvendo F\u00e1bio Lu\u00eds Lula da Silva, conhecido como Lulinha. A\u00e7\u00f5es judiciais de advers\u00e1rios Logo ap\u00f3s o an\u00fancio feito pelo parlamentar, figuras da oposi\u00e7\u00e3o se movimentaram rapidamente nos tribunais. [&hellip;]<\/p>\n","protected":false},"author":0,"featured_media":36220,"comment_status":"open","ping_status":"open","sticky":false,"template":"","format":"standard","meta":{"footnotes":""},"categories":[6],"tags":[],"class_list":["post-36214","post","type-post","status-publish","format-standard","has-post-thumbnail","hentry","category-mercosul"],"_links":{"self":[{"href":"https:\/\/acontecenafronteira.com.br\/index.php\/wp-json\/wp\/v2\/posts\/36214","targetHints":{"allow":["GET"]}}],"collection":[{"href":"https:\/\/acontecenafronteira.com.br\/index.php\/wp-json\/wp\/v2\/posts"}],"about":[{"href":"https:\/\/acontecenafronteira.com.br\/index.php\/wp-json\/wp\/v2\/types\/post"}],"replies":[{"embeddable":true,"href":"https:\/\/acontecenafronteira.com.br\/index.php\/wp-json\/wp\/v2\/comments?post=36214"}],"version-history":[{"count":1,"href":"https:\/\/acontecenafronteira.com.br\/index.php\/wp-json\/wp\/v2\/posts\/36214\/revisions"}],"predecessor-version":[{"id":36219,"href":"https:\/\/acontecenafronteira.com.br\/index.php\/wp-json\/wp\/v2\/posts\/36214\/revisions\/36219"}],"wp:featuredmedia":[{"embeddable":true,"href":"https:\/\/acontecenafronteira.com.br\/index.php\/wp-json\/wp\/v2\/media\/36220"}],"wp:attachment":[{"href":"https:\/\/acontecenafronteira.com.br\/index.php\/wp-json\/wp\/v2\/media?parent=36214"}],"wp:term":[{"taxonomy":"category","embeddable":true,"href":"https:\/\/acontecenafronteira.com.br\/index.php\/wp-json\/wp\/v2\/categories?post=36214"},{"taxonomy":"post_tag","embeddable":true,"href":"https:\/\/acontecenafronteira.com.br\/index.php\/wp-json\/wp\/v2\/tags?post=36214"}],"curies":[{"name":"wp","href":"https:\/\/api.w.org\/{rel}","templated":true}]}}