{"id":36203,"date":"2026-09-05T18:37:00","date_gmt":"2026-09-05T21:37:00","guid":{"rendered":"https:\/\/acontecenafronteira.com.br\/?p=36203"},"modified":"2026-09-05T18:37:00","modified_gmt":"2026-09-05T21:37:00","slug":"festival-de-musica-no-parana-nao-tem-relacao-com-patos","status":"publish","type":"post","link":"https:\/\/acontecenafronteira.com.br\/index.php\/2026\/09\/05\/festival-de-musica-no-parana-nao-tem-relacao-com-patos\/","title":{"rendered":"Festival de m\u00fasica no Paran\u00e1 n\u00e3o tem rela\u00e7\u00e3o com Patos"},"content":{"rendered":"<p>A invas\u00e3o de patos de borracha e acess\u00f3rios inusitados no dia dedicado ao metal em um grande festival de m\u00fasica chamou a aten\u00e7\u00e3o do p\u00fablico, embora o fen\u00f4meno n\u00e3o tenha qualquer liga\u00e7\u00e3o com o estado do Paran\u00e1. A trend curiosa surgiu exclusivamente por causa da semelhan\u00e7a f\u00edsica apontada pelos f\u00e3s entre o vocalista Noah Sebastian, da banda Bad Omens, e a ave.<\/p>\n<h2>A origem do meme do vocalista<\/h2>\n<p>O m\u00fasico americano virou alvo de brincadeiras nas redes sociais com v\u00eddeos e imagens que viralizaram rapidamente. Estudantes presentes no evento relataram que patinhos de borracha foram distribu\u00eddos gratuitamente na entrada da Cidade do Rock justamente para homenagear a divertida compara\u00e7\u00e3o com o artista internacional.<\/p>\n<h3>Repercuss\u00e3o na internet e produtos tem\u00e1ticos<\/h3>\n<p>O pr\u00f3prio cantor j\u00e1 comentou sobre a zoeira durante uma apresenta\u00e7\u00e3o passada ao ver uma montagem feita por um admirador na plateia. Enquanto isso, o com\u00e9rcio virtual aproveitou a febre para lan\u00e7ar camisetas personalizadas estampando o rosto do l\u00edder do Bad Omens associado ao animal, consolidando o apelido carinhoso dado pela base de f\u00e3s.<\/p>\n<p>Por Reda\u00e7\u00e3o Acontece<\/p>\n<p>Cr\u00e9ditos da imagem: Divulga\u00e7\u00e3o<\/p>\n","protected":false},"excerpt":{"rendered":"<p>A invas\u00e3o de patos de borracha e acess\u00f3rios inusitados no dia dedicado ao metal em um grande festival de m\u00fasica chamou a aten\u00e7\u00e3o do p\u00fablico, embora o fen\u00f4meno n\u00e3o tenha qualquer liga\u00e7\u00e3o com o estado do Paran\u00e1. A trend curiosa surgiu exclusivamente por causa da semelhan\u00e7a f\u00edsica apontada pelos f\u00e3s entre o vocalista Noah Sebastian, [&hellip;]<\/p>\n","protected":false},"author":0,"featured_media":36213,"comment_status":"open","ping_status":"open","sticky":false,"template":"","format":"standard","meta":{"footnotes":""},"categories":[28],"tags":[],"class_list":["post-36203","post","type-post","status-publish","format-standard","has-post-thumbnail","hentry","category-mundo"],"_links":{"self":[{"href":"https:\/\/acontecenafronteira.com.br\/index.php\/wp-json\/wp\/v2\/posts\/36203","targetHints":{"allow":["GET"]}}],"collection":[{"href":"https:\/\/acontecenafronteira.com.br\/index.php\/wp-json\/wp\/v2\/posts"}],"about":[{"href":"https:\/\/acontecenafronteira.com.br\/index.php\/wp-json\/wp\/v2\/types\/post"}],"replies":[{"embeddable":true,"href":"https:\/\/acontecenafronteira.com.br\/index.php\/wp-json\/wp\/v2\/comments?post=36203"}],"version-history":[{"count":1,"href":"https:\/\/acontecenafronteira.com.br\/index.php\/wp-json\/wp\/v2\/posts\/36203\/revisions"}],"predecessor-version":[{"id":36212,"href":"https:\/\/acontecenafronteira.com.br\/index.php\/wp-json\/wp\/v2\/posts\/36203\/revisions\/36212"}],"wp:featuredmedia":[{"embeddable":true,"href":"https:\/\/acontecenafronteira.com.br\/index.php\/wp-json\/wp\/v2\/media\/36213"}],"wp:attachment":[{"href":"https:\/\/acontecenafronteira.com.br\/index.php\/wp-json\/wp\/v2\/media?parent=36203"}],"wp:term":[{"taxonomy":"category","embeddable":true,"href":"https:\/\/acontecenafronteira.com.br\/index.php\/wp-json\/wp\/v2\/categories?post=36203"},{"taxonomy":"post_tag","embeddable":true,"href":"https:\/\/acontecenafronteira.com.br\/index.php\/wp-json\/wp\/v2\/tags?post=36203"}],"curies":[{"name":"wp","href":"https:\/\/api.w.org\/{rel}","templated":true}]}}