{"id":36202,"date":"2026-09-05T18:36:56","date_gmt":"2026-09-05T21:36:56","guid":{"rendered":"https:\/\/acontecenafronteira.com.br\/?p=36202"},"modified":"2026-09-05T18:36:56","modified_gmt":"2026-09-05T21:36:56","slug":"parana-na-rota-global-onu-aprova-novo-mapa-que-muda-o-tamanho-do-brasil","status":"publish","type":"post","link":"https:\/\/acontecenafronteira.com.br\/index.php\/2026\/09\/05\/parana-na-rota-global-onu-aprova-novo-mapa-que-muda-o-tamanho-do-brasil\/","title":{"rendered":"Paran\u00e1 na rota global: ONU aprova novo mapa que muda o tamanho do Brasil"},"content":{"rendered":"<p>Paran\u00e1 na rota global: ONU aprova novo mapa que muda o tamanho do Brasil Descubra como a ONU aprovou uma resolu\u00e7\u00e3o para abandonar o mapa tradicional e adotar um modelo que mostra o tamanho real do Brasil e da \u00c1frica. A Assembleia Geral da Organiza\u00e7\u00e3o das Na\u00e7\u00f5es Unidas (ONU) aprovou uma resolu\u00e7\u00e3o hist\u00f3rica para substituir gradualmente o tradicional mapa-m\u00fandi de Mercator. A medida busca representar com maior precis\u00e3o a verdadeira extens\u00e3o territorial de na\u00e7\u00f5es como o <strong>Brasil<\/strong> e o continente africano, corrigindo distor\u00e7\u00f5es hist\u00f3ricas na cartografia global. <\/p>\n<h2>O fim do eurocentrismo nos mapas<\/h2>\n<p> Elaborado em 1569 pelo cart\u00f3grafo Gerardus Mercator para auxiliar a navega\u00e7\u00e3o mar\u00edtima, o modelo anterior superdimensionava as regi\u00f5es pr\u00f3ximas aos polos. Na pr\u00e1tica, o desenho euroc\u00eantrico fazia com que a Europa e a Am\u00e9rica do Norte parecessem muito maiores do que s\u00e3o, enquanto encolhia o <strong>Sul Global<\/strong>. Para se ter ideia, a Groenl\u00e2ndia parecia ter a mesma propor\u00e7\u00e3o que a \u00c1frica, embora o territ\u00f3rio africano seja 14 vezes maior e o <strong>Brasil<\/strong> supere a ilha \u00e1rtica em quatro vezes. <\/p>\n<h2>A articula\u00e7\u00e3o internacional e a resist\u00eancia<\/h2>\n<p> A proposta foi apresentada pelo ministro das Rela\u00e7\u00f5es Exteriores do Togo, Robert Dussey, e recebeu o respaldo de 164 na\u00e7\u00f5es. A iniciativa promove o design Equal Earth, desenvolvido em 2018 por especialistas internacionais. O mesmo padr\u00e3o de proje\u00e7\u00e3o j\u00e1 foi sugerido pelo IBGE para colocar o <strong>Brasil<\/strong> em destaque na cartografia. Em contrapartida, os Estados Unidos rejeitaram a medida, classificando-a como um projeto ideol\u00f3gico, enquanto seis pa\u00edses optaram pela absten\u00e7\u00e3o. <\/p>\n<h2>Impactos na educa\u00e7\u00e3o e na geopol\u00edtica<\/h2>\n<p> Especialistas e ativistas apontam que a proje\u00e7\u00e3o de Mercator alimentou o chamado &#8220;colonialismo cartogr\u00e1fico&#8221;, influenciando a percep\u00e7\u00e3o de gera\u00e7\u00f5es sobre as rela\u00e7\u00f5es de poder internacionais. Com a nova resolu\u00e7\u00e3o, governos e institui\u00e7\u00f5es planejam atualizar curr\u00edculos escolares e plataformas digitais. Embora as decis\u00f5es da Assembleia Geral n\u00e3o tenham car\u00e1ter obrigat\u00f3rio, a mudan\u00e7a promete transformar a forma como o <strong>mundo<\/strong> enxerga a geografia e a relev\u00e2ncia econ\u00f4mica dos pa\u00edses em desenvolvimento. Por Reda\u00e7\u00e3o Acontece AconteceIA<\/p>\n","protected":false},"excerpt":{"rendered":"<p>Paran\u00e1 na rota global: ONU aprova novo mapa que muda o tamanho do Brasil Descubra como a ONU aprovou uma resolu\u00e7\u00e3o para abandonar o mapa tradicional e adotar um modelo que mostra o tamanho real do Brasil e da \u00c1frica. A Assembleia Geral da Organiza\u00e7\u00e3o das Na\u00e7\u00f5es Unidas (ONU) aprovou uma resolu\u00e7\u00e3o hist\u00f3rica para substituir [&hellip;]<\/p>\n","protected":false},"author":0,"featured_media":36211,"comment_status":"open","ping_status":"open","sticky":false,"template":"","format":"standard","meta":{"footnotes":""},"categories":[28],"tags":[],"class_list":["post-36202","post","type-post","status-publish","format-standard","has-post-thumbnail","hentry","category-mundo"],"_links":{"self":[{"href":"https:\/\/acontecenafronteira.com.br\/index.php\/wp-json\/wp\/v2\/posts\/36202","targetHints":{"allow":["GET"]}}],"collection":[{"href":"https:\/\/acontecenafronteira.com.br\/index.php\/wp-json\/wp\/v2\/posts"}],"about":[{"href":"https:\/\/acontecenafronteira.com.br\/index.php\/wp-json\/wp\/v2\/types\/post"}],"replies":[{"embeddable":true,"href":"https:\/\/acontecenafronteira.com.br\/index.php\/wp-json\/wp\/v2\/comments?post=36202"}],"version-history":[{"count":1,"href":"https:\/\/acontecenafronteira.com.br\/index.php\/wp-json\/wp\/v2\/posts\/36202\/revisions"}],"predecessor-version":[{"id":36210,"href":"https:\/\/acontecenafronteira.com.br\/index.php\/wp-json\/wp\/v2\/posts\/36202\/revisions\/36210"}],"wp:featuredmedia":[{"embeddable":true,"href":"https:\/\/acontecenafronteira.com.br\/index.php\/wp-json\/wp\/v2\/media\/36211"}],"wp:attachment":[{"href":"https:\/\/acontecenafronteira.com.br\/index.php\/wp-json\/wp\/v2\/media?parent=36202"}],"wp:term":[{"taxonomy":"category","embeddable":true,"href":"https:\/\/acontecenafronteira.com.br\/index.php\/wp-json\/wp\/v2\/categories?post=36202"},{"taxonomy":"post_tag","embeddable":true,"href":"https:\/\/acontecenafronteira.com.br\/index.php\/wp-json\/wp\/v2\/tags?post=36202"}],"curies":[{"name":"wp","href":"https:\/\/api.w.org\/{rel}","templated":true}]}}