{"id":36201,"date":"2026-09-05T18:36:50","date_gmt":"2026-09-05T21:36:50","guid":{"rendered":"https:\/\/acontecenafronteira.com.br\/?p=36201"},"modified":"2026-09-05T18:36:50","modified_gmt":"2026-09-05T21:36:50","slug":"turista-sofre-agressao-ao-pedir-agua-para-cavalo-no-parana","status":"publish","type":"post","link":"https:\/\/acontecenafronteira.com.br\/index.php\/2026\/09\/05\/turista-sofre-agressao-ao-pedir-agua-para-cavalo-no-parana\/","title":{"rendered":"Turista sofre agress\u00e3o ao pedir \u00e1gua para cavalo no Paran\u00e1?"},"content":{"rendered":"<p>Uma visitante estrangeira passou por momentos de tens\u00e3o ap\u00f3s cobrar cuidados b\u00e1sicos para um animal exposto ao calor excessivo em Palma de Maiorca, na Espanha. O caso gerou grande repercuss\u00e3o internacional e mobilizou autoridades locais ap\u00f3s imagens da confus\u00e3o circularem amplamente nas redes sociais.<\/p>\n<h2>Entenda como ocorreu a discuss\u00e3o na Espanha<\/h2>\n<p>O desentendimento come\u00e7ou quando a alem\u00e3 Xenia Denise notou a situa\u00e7\u00e3o de um cavalo em uma pra\u00e7a tur\u00edstica e exigiu que o condutor fornecesse hidrata\u00e7\u00e3o ao bicho. Em vez de atender ao pedido, o trabalhador reagiu com hostilidade, desferindo xingamentos, coment\u00e1rios sobre a apar\u00eancia f\u00edsica da v\u00edtima e jogando l\u00edquido em seu rosto.<\/p>\n<h2>Repercuss\u00e3o viral e investiga\u00e7\u00e3o oficial<\/h2>\n<p>A grava\u00e7\u00e3o do incidente ultrapassou a marca de 14 milh\u00f5es de visualiza\u00e7\u00f5es na internet. A prefeitura da cidade espanhola abriu uma sindic\u00e2ncia por meio do setor de mobilidade para apurar a conduta do profissional e aplicar as san\u00e7\u00f5es cab\u00edveis. Entidades de prote\u00e7\u00e3o animal exigem a cassa\u00e7\u00e3o imediata da licen\u00e7a do cocheiro envolvido na agress\u00e3o.<\/p>\n<p>Por Reda\u00e7\u00e3o Acontece<\/p>\n<p>Foto: Reprodu\u00e7\u00e3o \/ Instagram<\/p>\n","protected":false},"excerpt":{"rendered":"<p>Uma visitante estrangeira passou por momentos de tens\u00e3o ap\u00f3s cobrar cuidados b\u00e1sicos para um animal exposto ao calor excessivo em Palma de Maiorca, na Espanha. O caso gerou grande repercuss\u00e3o internacional e mobilizou autoridades locais ap\u00f3s imagens da confus\u00e3o circularem amplamente nas redes sociais. Entenda como ocorreu a discuss\u00e3o na Espanha O desentendimento come\u00e7ou quando [&hellip;]<\/p>\n","protected":false},"author":0,"featured_media":36209,"comment_status":"open","ping_status":"open","sticky":false,"template":"","format":"standard","meta":{"footnotes":""},"categories":[28],"tags":[],"class_list":["post-36201","post","type-post","status-publish","format-standard","has-post-thumbnail","hentry","category-mundo"],"_links":{"self":[{"href":"https:\/\/acontecenafronteira.com.br\/index.php\/wp-json\/wp\/v2\/posts\/36201","targetHints":{"allow":["GET"]}}],"collection":[{"href":"https:\/\/acontecenafronteira.com.br\/index.php\/wp-json\/wp\/v2\/posts"}],"about":[{"href":"https:\/\/acontecenafronteira.com.br\/index.php\/wp-json\/wp\/v2\/types\/post"}],"replies":[{"embeddable":true,"href":"https:\/\/acontecenafronteira.com.br\/index.php\/wp-json\/wp\/v2\/comments?post=36201"}],"version-history":[{"count":1,"href":"https:\/\/acontecenafronteira.com.br\/index.php\/wp-json\/wp\/v2\/posts\/36201\/revisions"}],"predecessor-version":[{"id":36208,"href":"https:\/\/acontecenafronteira.com.br\/index.php\/wp-json\/wp\/v2\/posts\/36201\/revisions\/36208"}],"wp:featuredmedia":[{"embeddable":true,"href":"https:\/\/acontecenafronteira.com.br\/index.php\/wp-json\/wp\/v2\/media\/36209"}],"wp:attachment":[{"href":"https:\/\/acontecenafronteira.com.br\/index.php\/wp-json\/wp\/v2\/media?parent=36201"}],"wp:term":[{"taxonomy":"category","embeddable":true,"href":"https:\/\/acontecenafronteira.com.br\/index.php\/wp-json\/wp\/v2\/categories?post=36201"},{"taxonomy":"post_tag","embeddable":true,"href":"https:\/\/acontecenafronteira.com.br\/index.php\/wp-json\/wp\/v2\/tags?post=36201"}],"curies":[{"name":"wp","href":"https:\/\/api.w.org\/{rel}","templated":true}]}}