{"id":36200,"date":"2026-09-05T18:36:46","date_gmt":"2026-09-05T21:36:46","guid":{"rendered":"https:\/\/acontecenafronteira.com.br\/?p=36200"},"modified":"2026-09-05T18:36:46","modified_gmt":"2026-09-05T21:36:46","slug":"flamengo-viaja-ao-para-para-enfrentar-o-remo-no-brasileirao","status":"publish","type":"post","link":"https:\/\/acontecenafronteira.com.br\/index.php\/2026\/09\/05\/flamengo-viaja-ao-para-para-enfrentar-o-remo-no-brasileirao\/","title":{"rendered":"Flamengo viaja ao Par\u00e1 para enfrentar o Remo no Brasileir\u00e3o"},"content":{"rendered":"<p>O Flamengo iniciou sua viagem rumo a uma sequ\u00eancia decisiva longe de seus dom\u00ednios, com foco inicial no confronto contra o Remo, programado para este s\u00e1bado, no Est\u00e1dio Mangueir\u00e3o, em Bel\u00e9m, capital do <strong>Par\u00e1<\/strong>. A partida \u00e9 v\u00e1lida pelo Campeonato Brasileiro e antecede o compromisso decisivo pela Copa Libertadores da Am\u00e9rica diante do Independiente del Valle, no Equador.<\/p>\n<h2>Novidades e retornos na delega\u00e7\u00e3o rubro-negra<\/h2>\n<p>Para o duelo em solo paraense, a comiss\u00e3o t\u00e9cnica comandada por Leonardo Jardim ter\u00e1 importantes refor\u00e7os na lista de relacionados. O zagueiro Vit\u00e3o e o meia De la Cruz superaram problemas f\u00edsicos que os afastavam dos gramados, treinaram normalmente ao longo da semana e voltam a ficar \u00e0 disposi\u00e7\u00e3o do treinador portugu\u00eas.<\/p>\n<p>Al\u00e9m deles, os rec\u00e9m-contratados Joaqu\u00edn Freitas e Anthony Valencia foram regularizados no BID da CBF, integraram a delega\u00e7\u00e3o e t\u00eam chances de fazer suas primeiras partidas oficiais com a camisa do clube carioca.<\/p>\n<h2>Desfalques confirmados para o confronto<\/h2>\n<p>Por outro lado, o t\u00e9cnico portugu\u00eas precisar\u00e1 lidar com aus\u00eancias sentidas para o embate no <strong>Par\u00e1<\/strong>. O lateral-esquerdo Alex Sandro continua sob os cuidados do departamento m\u00e9dico devido a uma tendinite na panturrilha direita. J\u00e1 o volante Evertton Ara\u00fajo sofreu uma les\u00e3o muscular na coxa esquerda na vit\u00f3ria sobre o Mirassol e segue sem prazo estipulado para retorno.<\/p>\n<p>Outro ausente \u00e9 o atacante Gonzalo Plata. O atleta permaneceu fora do Rio de Janeiro ap\u00f3s negocia\u00e7\u00f5es frustradas e sua chegada \u00e0 capital fluminense foi adiada, tornando-se baixa confirmada para o duelo no Mangueir\u00e3o.<\/p>\n<h2>Possibilidade de mudan\u00e7as e contexto na tabela<\/h2>\n<p>Com a proximidade do embate internacional na altitude de Quito, a comiss\u00e3o t\u00e9cnica avalia poupar alguns titulares. Jogadores como Emerson Royal e Danilo ganham for\u00e7a para iniciar entre os onze iniciais, enquanto Erick Pulgar, recuperado de um trauma na coxa, tamb\u00e9m pode ser preservado.<\/p>\n<p>O clube carioca ocupa a segunda coloca\u00e7\u00e3o do Campeonato Brasileiro com 51 pontos somados, apenas um ponto atr\u00e1s do l\u00edder Palmeiras, tornando o confronto em terras paraenses fundamental na briga direta pelo t\u00edtulo nacional.<\/p>\n<p>Por Reda\u00e7\u00e3o Acontece<\/p>\n<p>Adriano Fontes\/Flamengo<\/p>\n","protected":false},"excerpt":{"rendered":"<p>O Flamengo iniciou sua viagem rumo a uma sequ\u00eancia decisiva longe de seus dom\u00ednios, com foco inicial no confronto contra o Remo, programado para este s\u00e1bado, no Est\u00e1dio Mangueir\u00e3o, em Bel\u00e9m, capital do Par\u00e1. A partida \u00e9 v\u00e1lida pelo Campeonato Brasileiro e antecede o compromisso decisivo pela Copa Libertadores da Am\u00e9rica diante do Independiente del [&hellip;]<\/p>\n","protected":false},"author":0,"featured_media":36207,"comment_status":"open","ping_status":"open","sticky":false,"template":"","format":"standard","meta":{"footnotes":""},"categories":[28],"tags":[],"class_list":["post-36200","post","type-post","status-publish","format-standard","has-post-thumbnail","hentry","category-mundo"],"_links":{"self":[{"href":"https:\/\/acontecenafronteira.com.br\/index.php\/wp-json\/wp\/v2\/posts\/36200","targetHints":{"allow":["GET"]}}],"collection":[{"href":"https:\/\/acontecenafronteira.com.br\/index.php\/wp-json\/wp\/v2\/posts"}],"about":[{"href":"https:\/\/acontecenafronteira.com.br\/index.php\/wp-json\/wp\/v2\/types\/post"}],"replies":[{"embeddable":true,"href":"https:\/\/acontecenafronteira.com.br\/index.php\/wp-json\/wp\/v2\/comments?post=36200"}],"version-history":[{"count":1,"href":"https:\/\/acontecenafronteira.com.br\/index.php\/wp-json\/wp\/v2\/posts\/36200\/revisions"}],"predecessor-version":[{"id":36206,"href":"https:\/\/acontecenafronteira.com.br\/index.php\/wp-json\/wp\/v2\/posts\/36200\/revisions\/36206"}],"wp:featuredmedia":[{"embeddable":true,"href":"https:\/\/acontecenafronteira.com.br\/index.php\/wp-json\/wp\/v2\/media\/36207"}],"wp:attachment":[{"href":"https:\/\/acontecenafronteira.com.br\/index.php\/wp-json\/wp\/v2\/media?parent=36200"}],"wp:term":[{"taxonomy":"category","embeddable":true,"href":"https:\/\/acontecenafronteira.com.br\/index.php\/wp-json\/wp\/v2\/categories?post=36200"},{"taxonomy":"post_tag","embeddable":true,"href":"https:\/\/acontecenafronteira.com.br\/index.php\/wp-json\/wp\/v2\/tags?post=36200"}],"curies":[{"name":"wp","href":"https:\/\/api.w.org\/{rel}","templated":true}]}}