{"id":36199,"date":"2026-09-05T18:36:35","date_gmt":"2026-09-05T21:36:35","guid":{"rendered":"https:\/\/acontecenafronteira.com.br\/?p=36199"},"modified":"2026-09-05T18:36:35","modified_gmt":"2026-09-05T21:36:35","slug":"foz-do-iguacu-recebe-evento-historico-de-despedida-do-sepultura","status":"publish","type":"post","link":"https:\/\/acontecenafronteira.com.br\/index.php\/2026\/09\/05\/foz-do-iguacu-recebe-evento-historico-de-despedida-do-sepultura\/","title":{"rendered":"Foz do Igua\u00e7u recebe evento hist\u00f3rico de despedida do Sepultura"},"content":{"rendered":"<p>A hist\u00f3rica turn\u00ea de despedida da ic\u00f4nica banda Sepultura tem gerado grande expectativa entre os f\u00e3s de heavy metal em todo o pa\u00eds, inclusive mobilizando admiradores da regi\u00e3o de Foz do Igua\u00e7u que acompanham cada passo do adeus aos palcos do quarteto.<\/p>\n<h2>A energia do adeus no Palco Mundo<\/h2>\n<p>O p\u00fablico enfrentou a chuva e lotou a frente do palco principal para entoar o cl\u00e1ssico coro com o nome da banda, demonstrando a for\u00e7a que o grupo mant\u00e9m ap\u00f3s d\u00e9cadas de estrada e \u00e1lbuns marcantes na hist\u00f3ria do rock nacional.<\/p>\n<h3>O setlist focado na era Derrick Green<\/h3>\n<p>A apresenta\u00e7\u00e3o de 16h40 seguiu rigorosamente o hor\u00e1rio programado e surpreendeu os f\u00e3s ao focar exclusivamente no repert\u00f3rio gravado a partir do disco lan\u00e7ado em 1998, deixando de lado hinos antigos como &#8220;Territory&#8221; e &#8220;Roots, bloody roots&#8221;.<\/p>\n<p>A bateria intensa do jovem Greyson Nekrutman, de apenas 24 anos, deu o tom de faixas como &#8220;Against&#8221; e &#8220;Choke&#8221;, enquanto os tel\u00f5es de LED gigantescos potencializaram a imers\u00e3o da multid\u00e3o vestida de preto nas pesadas composi\u00e7\u00f5es.<\/p>\n<p>Com m\u00fasicas recentes do EP lan\u00e7ado neste ano e intera\u00e7\u00f5es carism\u00e1ticas do vocalista em portugu\u00eas, o grupo encerrou sua participa\u00e7\u00e3o no evento reafirmando a compet\u00eancia t\u00e9cnica e a brutalidade sonora que marcaram sua trajet\u00f3ria internacional.<\/p>\n<p>Por Reda\u00e7\u00e3o Acontece<\/p>\n<p>Marcelo Theobald \/ Ag\u00eancia O Globo<\/p>\n","protected":false},"excerpt":{"rendered":"<p>A hist\u00f3rica turn\u00ea de despedida da ic\u00f4nica banda Sepultura tem gerado grande expectativa entre os f\u00e3s de heavy metal em todo o pa\u00eds, inclusive mobilizando admiradores da regi\u00e3o de Foz do Igua\u00e7u que acompanham cada passo do adeus aos palcos do quarteto. A energia do adeus no Palco Mundo O p\u00fablico enfrentou a chuva e [&hellip;]<\/p>\n","protected":false},"author":0,"featured_media":36205,"comment_status":"open","ping_status":"open","sticky":false,"template":"","format":"standard","meta":{"footnotes":""},"categories":[28],"tags":[],"class_list":["post-36199","post","type-post","status-publish","format-standard","has-post-thumbnail","hentry","category-mundo"],"_links":{"self":[{"href":"https:\/\/acontecenafronteira.com.br\/index.php\/wp-json\/wp\/v2\/posts\/36199","targetHints":{"allow":["GET"]}}],"collection":[{"href":"https:\/\/acontecenafronteira.com.br\/index.php\/wp-json\/wp\/v2\/posts"}],"about":[{"href":"https:\/\/acontecenafronteira.com.br\/index.php\/wp-json\/wp\/v2\/types\/post"}],"replies":[{"embeddable":true,"href":"https:\/\/acontecenafronteira.com.br\/index.php\/wp-json\/wp\/v2\/comments?post=36199"}],"version-history":[{"count":1,"href":"https:\/\/acontecenafronteira.com.br\/index.php\/wp-json\/wp\/v2\/posts\/36199\/revisions"}],"predecessor-version":[{"id":36204,"href":"https:\/\/acontecenafronteira.com.br\/index.php\/wp-json\/wp\/v2\/posts\/36199\/revisions\/36204"}],"wp:featuredmedia":[{"embeddable":true,"href":"https:\/\/acontecenafronteira.com.br\/index.php\/wp-json\/wp\/v2\/media\/36205"}],"wp:attachment":[{"href":"https:\/\/acontecenafronteira.com.br\/index.php\/wp-json\/wp\/v2\/media?parent=36199"}],"wp:term":[{"taxonomy":"category","embeddable":true,"href":"https:\/\/acontecenafronteira.com.br\/index.php\/wp-json\/wp\/v2\/categories?post=36199"},{"taxonomy":"post_tag","embeddable":true,"href":"https:\/\/acontecenafronteira.com.br\/index.php\/wp-json\/wp\/v2\/tags?post=36199"}],"curies":[{"name":"wp","href":"https:\/\/api.w.org\/{rel}","templated":true}]}}