{"id":36190,"date":"2026-09-05T18:36:27","date_gmt":"2026-09-05T21:36:27","guid":{"rendered":"https:\/\/acontecenafronteira.com.br\/?p=36190"},"modified":"2026-09-05T18:36:27","modified_gmt":"2026-09-05T21:36:27","slug":"morte-de-autista-em-araucaria-e-tratada-como-acidente-pela-pc","status":"publish","type":"post","link":"https:\/\/acontecenafronteira.com.br\/index.php\/2026\/09\/05\/morte-de-autista-em-araucaria-e-tratada-como-acidente-pela-pc\/","title":{"rendered":"Morte de autista em Arauc\u00e1ria \u00e9 tratada como acidente pela PC"},"content":{"rendered":"<p>Morte de autista em Arauc\u00e1ria \u00e9 tratada como acidente pela PC Pol\u00edcia Civil do Paran\u00e1 conclui que a morte de menino autista de 5 anos em Arauc\u00e1ria foi acidental e pede o arquivamento do inqu\u00e9rito. As autoridades policiais do estado conclu\u00edram as investiga\u00e7\u00f5es sobre o falecimento de Jo\u00e3o Gabriel Ferreira dos Santos, de 5 anos, que era autista n\u00e3o verbal e foi localizado sem vida ap\u00f3s tr\u00eas dias de desaparecimento na Regi\u00e3o Metropolitana de Curitiba. <\/p>\n<h2>Conclus\u00e3o das investiga\u00e7\u00f5es e laudos periciais<\/h2>\n<p> De acordo com a Pol\u00edcia Civil do Paran\u00e1, o caso foi oficialmente encerrado como um acidente. O delegado Gabriel Fontana informou que os exames periciais n\u00e3o apontaram nenhum ind\u00edcio de viol\u00eancia ou crime, motivando o pedido de arquivamento do inqu\u00e9rito. O corpo da crian\u00e7a foi descoberto no dia 28 de julho, submerso em um ac\u00famulo de \u00e1gua sobre a lona de um biodigestor \u2014 estrutura destinada \u00e0 decomposi\u00e7\u00e3o de res\u00edduos org\u00e2nicos para gera\u00e7\u00e3o de biog\u00e1s e tratamento de esgoto. O equipamento estava posicionado logo em frente ao im\u00f3vel da fam\u00edlia, situado na zona rural do munic\u00edpio de Arauc\u00e1ria. <\/p>\n<h2>Din\u00e2mica do desaparecimento e opera\u00e7\u00e3o de busca<\/h2>\n<p> O garoto desapareceu momentos depois de informar \u00e0 m\u00e3e que se dirigiria ao banheiro, localizado na parte externa da resid\u00eancia. Diante da aus\u00eancia prolongada, os parentes realizaram buscas por conta pr\u00f3pria durante uma hora antes de acionarem as for\u00e7as de seguran\u00e7a locais. Uma ampla for\u00e7a-tarefa foi mobilizada na regi\u00e3o de mata, reunindo efetivos da Pol\u00edcia Militar, Guarda Municipal, Corpo de Bombeiros e diversos volunt\u00e1rios. A opera\u00e7\u00e3o de resgate utilizou recursos tecnol\u00f3gicos avan\u00e7ados, incluindo aeronave tripulada, drones equipados com c\u00e2meras t\u00e9rmicas, esc\u00e2neres subaqu\u00e1ticos e c\u00e3es farejadores. Por fim, o corpo foi localizado justamente no momento em que o reservat\u00f3rio de biodigest\u00e3o passava pelo processo de esvaziamento. Embora a quantidade de \u00e1gua encontrada nos pulm\u00f5es da v\u00edtima tenha deixado o laudo inconclusivo quanto \u00e0 causa exata do \u00f3bito, a aus\u00eancia de marcas de viol\u00eancia direcionou a investiga\u00e7\u00e3o para a tese de acidente dom\u00e9stico. Por Reda\u00e7\u00e3o Acontece Arquivo familiar\/RPC<\/p>\n","protected":false},"excerpt":{"rendered":"<p>Morte de autista em Arauc\u00e1ria \u00e9 tratada como acidente pela PC Pol\u00edcia Civil do Paran\u00e1 conclui que a morte de menino autista de 5 anos em Arauc\u00e1ria foi acidental e pede o arquivamento do inqu\u00e9rito. As autoridades policiais do estado conclu\u00edram as investiga\u00e7\u00f5es sobre o falecimento de Jo\u00e3o Gabriel Ferreira dos Santos, de 5 anos, [&hellip;]<\/p>\n","protected":false},"author":0,"featured_media":36198,"comment_status":"open","ping_status":"open","sticky":false,"template":"","format":"standard","meta":{"footnotes":""},"categories":[18],"tags":[],"class_list":["post-36190","post","type-post","status-publish","format-standard","has-post-thumbnail","hentry","category-parana"],"_links":{"self":[{"href":"https:\/\/acontecenafronteira.com.br\/index.php\/wp-json\/wp\/v2\/posts\/36190","targetHints":{"allow":["GET"]}}],"collection":[{"href":"https:\/\/acontecenafronteira.com.br\/index.php\/wp-json\/wp\/v2\/posts"}],"about":[{"href":"https:\/\/acontecenafronteira.com.br\/index.php\/wp-json\/wp\/v2\/types\/post"}],"replies":[{"embeddable":true,"href":"https:\/\/acontecenafronteira.com.br\/index.php\/wp-json\/wp\/v2\/comments?post=36190"}],"version-history":[{"count":1,"href":"https:\/\/acontecenafronteira.com.br\/index.php\/wp-json\/wp\/v2\/posts\/36190\/revisions"}],"predecessor-version":[{"id":36197,"href":"https:\/\/acontecenafronteira.com.br\/index.php\/wp-json\/wp\/v2\/posts\/36190\/revisions\/36197"}],"wp:featuredmedia":[{"embeddable":true,"href":"https:\/\/acontecenafronteira.com.br\/index.php\/wp-json\/wp\/v2\/media\/36198"}],"wp:attachment":[{"href":"https:\/\/acontecenafronteira.com.br\/index.php\/wp-json\/wp\/v2\/media?parent=36190"}],"wp:term":[{"taxonomy":"category","embeddable":true,"href":"https:\/\/acontecenafronteira.com.br\/index.php\/wp-json\/wp\/v2\/categories?post=36190"},{"taxonomy":"post_tag","embeddable":true,"href":"https:\/\/acontecenafronteira.com.br\/index.php\/wp-json\/wp\/v2\/tags?post=36190"}],"curies":[{"name":"wp","href":"https:\/\/api.w.org\/{rel}","templated":true}]}}