{"id":36189,"date":"2026-09-05T18:36:21","date_gmt":"2026-09-05T21:36:21","guid":{"rendered":"https:\/\/acontecenafronteira.com.br\/?p=36189"},"modified":"2026-09-05T18:36:21","modified_gmt":"2026-09-05T21:36:21","slug":"voos-restritos-em-aeroporto-do-parana-apos-incidente-com-latam","status":"publish","type":"post","link":"https:\/\/acontecenafronteira.com.br\/index.php\/2026\/09\/05\/voos-restritos-em-aeroporto-do-parana-apos-incidente-com-latam\/","title":{"rendered":"Voos restritos em aeroporto do Paran\u00e1 ap\u00f3s incidente com Latam"},"content":{"rendered":"<p>As empresas de avia\u00e7\u00e3o comercial implementaram limita\u00e7\u00f5es severas para decolagens e aterrissagens com pavimento molhado no Aeroporto de Cascavel, localizado no interior paranaense. A decis\u00e3o preventiva ocorreu em decorr\u00eancia de um incidente envolvendo uma aeronave da Latam que ultrapassou os limites da pista durante a aterrissagem na \u00faltima segunda-feira (31).<\/p>\n<h2>Medida preventiva e tempor\u00e1ria<\/h2>\n<p>Conforme esclarecimentos da Associa\u00e7\u00e3o Brasileira das Empresas A\u00e9reas (Abear), os procedimentos no terminal paranaense continuam totalmente seguros, sendo a nova regra apenas uma precau\u00e7\u00e3o moment\u00e2nea.<\/p>\n<p>As empresas do setor aguardam o laudo inicial da apura\u00e7\u00e3o oficial para decidir sobre poss\u00edveis ajustes operacionais na infraestrutura local. Assim que essas diretrizes forem estabelecidas, a rotina de voos deve ser normalizada no terminal.<\/p>\n<h2>Investiga\u00e7\u00e3o oficial em andamento<\/h2>\n<p>O Centro de Investiga\u00e7\u00e3o e Preven\u00e7\u00e3o de Acidentes Aeron\u00e1uticos (Cenipa) assumiu a responsabilidade de apurar as causas do evento adverso. Os peritos j\u00e1 realizaram vistorias na aeronave e coletaram informa\u00e7\u00f5es cruciais para o andamento das an\u00e1lises t\u00e9cnicas.<\/p>\n<p>Enquanto isso, a Transitar, autarquia municipal que administra o terminal de Cascavel, declarou n\u00e3o ter recebido comunicados formais sobre as limita\u00e7\u00f5es impostas pelas empresas.<\/p>\n<p>Segundo o \u00f3rg\u00e3o gestor, no momento em que o avi\u00e3o da Latam derrapou, a pista apresentava umidade, por\u00e9m estava plenamente dentro dos par\u00e2metros de seguran\u00e7a estabelecidos pela avia\u00e7\u00e3o civil brasileira.<\/p>\n<p>A administra\u00e7\u00e3o refor\u00e7ou que o aeroporto permanece devidamente homologado e com funcionamento regular, ficando a crit\u00e9rio de cada empresa a\u00e9rea definir protocolos mais r\u00edgidos em per\u00edodos de chuva na regi\u00e3o oeste do estado.<\/p>\n<p>Por Reda\u00e7\u00e3o Acontece<\/p>\n<p>Foto: RPC Cascavel \/ Reprodu\u00e7\u00e3o<\/p>\n","protected":false},"excerpt":{"rendered":"<p>As empresas de avia\u00e7\u00e3o comercial implementaram limita\u00e7\u00f5es severas para decolagens e aterrissagens com pavimento molhado no Aeroporto de Cascavel, localizado no interior paranaense. A decis\u00e3o preventiva ocorreu em decorr\u00eancia de um incidente envolvendo uma aeronave da Latam que ultrapassou os limites da pista durante a aterrissagem na \u00faltima segunda-feira (31). Medida preventiva e tempor\u00e1ria Conforme [&hellip;]<\/p>\n","protected":false},"author":0,"featured_media":36196,"comment_status":"open","ping_status":"open","sticky":false,"template":"","format":"standard","meta":{"footnotes":""},"categories":[18],"tags":[],"class_list":["post-36189","post","type-post","status-publish","format-standard","has-post-thumbnail","hentry","category-parana"],"_links":{"self":[{"href":"https:\/\/acontecenafronteira.com.br\/index.php\/wp-json\/wp\/v2\/posts\/36189","targetHints":{"allow":["GET"]}}],"collection":[{"href":"https:\/\/acontecenafronteira.com.br\/index.php\/wp-json\/wp\/v2\/posts"}],"about":[{"href":"https:\/\/acontecenafronteira.com.br\/index.php\/wp-json\/wp\/v2\/types\/post"}],"replies":[{"embeddable":true,"href":"https:\/\/acontecenafronteira.com.br\/index.php\/wp-json\/wp\/v2\/comments?post=36189"}],"version-history":[{"count":1,"href":"https:\/\/acontecenafronteira.com.br\/index.php\/wp-json\/wp\/v2\/posts\/36189\/revisions"}],"predecessor-version":[{"id":36195,"href":"https:\/\/acontecenafronteira.com.br\/index.php\/wp-json\/wp\/v2\/posts\/36189\/revisions\/36195"}],"wp:featuredmedia":[{"embeddable":true,"href":"https:\/\/acontecenafronteira.com.br\/index.php\/wp-json\/wp\/v2\/media\/36196"}],"wp:attachment":[{"href":"https:\/\/acontecenafronteira.com.br\/index.php\/wp-json\/wp\/v2\/media?parent=36189"}],"wp:term":[{"taxonomy":"category","embeddable":true,"href":"https:\/\/acontecenafronteira.com.br\/index.php\/wp-json\/wp\/v2\/categories?post=36189"},{"taxonomy":"post_tag","embeddable":true,"href":"https:\/\/acontecenafronteira.com.br\/index.php\/wp-json\/wp\/v2\/tags?post=36189"}],"curies":[{"name":"wp","href":"https:\/\/api.w.org\/{rel}","templated":true}]}}