{"id":36188,"date":"2026-09-05T18:36:14","date_gmt":"2026-09-05T21:36:14","guid":{"rendered":"https:\/\/acontecenafronteira.com.br\/?p=36188"},"modified":"2026-09-05T18:36:14","modified_gmt":"2026-09-05T21:36:14","slug":"flavio-bolsonaro-visita-ex-assessor-preso-no-parana","status":"publish","type":"post","link":"https:\/\/acontecenafronteira.com.br\/index.php\/2026\/09\/05\/flavio-bolsonaro-visita-ex-assessor-preso-no-parana\/","title":{"rendered":"Fl\u00e1vio Bolsonaro visita ex-assessor preso no Paran\u00e1"},"content":{"rendered":"<p>Fl\u00e1vio Bolsonaro visita ex-assessor preso no Paran\u00e1 Fl\u00e1vio Bolsonaro visita Filipe Martins na pris\u00e3o em Ponta Grossa (PR), critica Alexandre de Moraes e discute condena\u00e7\u00e3o por tentativa de golpe. O candidato \u00e0 presid\u00eancia <strong>Fl\u00e1vio Bolsonaro<\/strong> (PL) suspendeu sua agenda de campanha para ir at\u00e9 a Cadeia P\u00fablica Hildebrando de Souza, localizada no munic\u00edpio de <strong>Ponta Grossa<\/strong>, no estado do <strong>Paran\u00e1<\/strong>, onde visitou o ex-assessor presidencial <strong>Filipe Martins<\/strong>, que cumpre pena de 21 anos de reclus\u00e3o por envolvimento em uma tentativa de golpe de Estado. <\/p>\n<h2>Contexto da pris\u00e3o no interior paranaense<\/h2>\n<p> Martins estava cumprindo pena em regime de pris\u00e3o domiciliar at\u00e9 o in\u00edcio de janeiro, mas acabou sendo transferido para o estabelecimento prisional paranaense ap\u00f3s ordem emitida pelo ministro do Supremo Tribunal Federal (STF), <strong>Alexandre de Moraes<\/strong>. A deten\u00e7\u00e3o ocorreu devido ao descumprimento de medidas cautelares que proibiam o uso de redes sociais. <\/p>\n<h2>Apoio pol\u00edtico e cr\u00edticas ao STF<\/h2>\n<p> Al\u00e9m do candidato presidencial, marcaram presen\u00e7a no pres\u00eddio paranaense figuras pol\u00edticas locais, como o candidato ao governo estadual <strong>Sergio Moro<\/strong> (PL) e o candidato ao Senado <strong>Filipe Barros<\/strong> (PL). Durante declara\u00e7\u00f5es \u00e0 imprensa na sa\u00edda do local, Fl\u00e1vio Bolsonaro desferiu ataques diretos a Alexandre de Moraes, classificando o magistrado como uma &#8220;laranja podre&#8221; dentro da Suprema Corte. <\/p>\n<h2>Motiva\u00e7\u00e3o da deten\u00e7\u00e3o e condena\u00e7\u00e3o<\/h2>\n<p> A ordem de pris\u00e3o foi expedida ap\u00f3s constata\u00e7\u00e3o de que o condenado utilizou uma plataforma digital, sendo que a pr\u00f3pria defesa reconheceu o acesso, embora tenha justificado como uma tentativa de organizar elementos para a ampla defesa. A Primeira Turma do STF condenou o ex-assessor internacional por crimes que incluem tentativa de aboli\u00e7\u00e3o violenta do Estado Democr\u00e1tico de Direito, associa\u00e7\u00e3o criminosa e dano ao patrim\u00f4nio p\u00fablico. Por Reda\u00e7\u00e3o Acontece Imagem: RPC \/ Reprodu\u00e7\u00e3o<\/p>\n","protected":false},"excerpt":{"rendered":"<p>Fl\u00e1vio Bolsonaro visita ex-assessor preso no Paran\u00e1 Fl\u00e1vio Bolsonaro visita Filipe Martins na pris\u00e3o em Ponta Grossa (PR), critica Alexandre de Moraes e discute condena\u00e7\u00e3o por tentativa de golpe. O candidato \u00e0 presid\u00eancia Fl\u00e1vio Bolsonaro (PL) suspendeu sua agenda de campanha para ir at\u00e9 a Cadeia P\u00fablica Hildebrando de Souza, localizada no munic\u00edpio de Ponta [&hellip;]<\/p>\n","protected":false},"author":0,"featured_media":36194,"comment_status":"open","ping_status":"open","sticky":false,"template":"","format":"standard","meta":{"footnotes":""},"categories":[18],"tags":[],"class_list":["post-36188","post","type-post","status-publish","format-standard","has-post-thumbnail","hentry","category-parana"],"_links":{"self":[{"href":"https:\/\/acontecenafronteira.com.br\/index.php\/wp-json\/wp\/v2\/posts\/36188","targetHints":{"allow":["GET"]}}],"collection":[{"href":"https:\/\/acontecenafronteira.com.br\/index.php\/wp-json\/wp\/v2\/posts"}],"about":[{"href":"https:\/\/acontecenafronteira.com.br\/index.php\/wp-json\/wp\/v2\/types\/post"}],"replies":[{"embeddable":true,"href":"https:\/\/acontecenafronteira.com.br\/index.php\/wp-json\/wp\/v2\/comments?post=36188"}],"version-history":[{"count":1,"href":"https:\/\/acontecenafronteira.com.br\/index.php\/wp-json\/wp\/v2\/posts\/36188\/revisions"}],"predecessor-version":[{"id":36193,"href":"https:\/\/acontecenafronteira.com.br\/index.php\/wp-json\/wp\/v2\/posts\/36188\/revisions\/36193"}],"wp:featuredmedia":[{"embeddable":true,"href":"https:\/\/acontecenafronteira.com.br\/index.php\/wp-json\/wp\/v2\/media\/36194"}],"wp:attachment":[{"href":"https:\/\/acontecenafronteira.com.br\/index.php\/wp-json\/wp\/v2\/media?parent=36188"}],"wp:term":[{"taxonomy":"category","embeddable":true,"href":"https:\/\/acontecenafronteira.com.br\/index.php\/wp-json\/wp\/v2\/categories?post=36188"},{"taxonomy":"post_tag","embeddable":true,"href":"https:\/\/acontecenafronteira.com.br\/index.php\/wp-json\/wp\/v2\/tags?post=36188"}],"curies":[{"name":"wp","href":"https:\/\/api.w.org\/{rel}","templated":true}]}}