{"id":36187,"date":"2026-09-05T18:36:07","date_gmt":"2026-09-05T21:36:07","guid":{"rendered":"https:\/\/acontecenafronteira.com.br\/?p=36187"},"modified":"2026-09-05T18:36:07","modified_gmt":"2026-09-05T21:36:07","slug":"candidatos-ao-governo-do-parana-movimentam-campanha-eleitoral","status":"publish","type":"post","link":"https:\/\/acontecenafronteira.com.br\/index.php\/2026\/09\/05\/candidatos-ao-governo-do-parana-movimentam-campanha-eleitoral\/","title":{"rendered":"Candidatos ao governo do Paran\u00e1 movimentam campanha eleitoral"},"content":{"rendered":"<p>As ruas de diferentes regi\u00f5es paranaenses foram tomadas por <strong>atividades de campanha<\/strong> neste s\u00e1bado (5), com os postulantes ao Pal\u00e1cio Igua\u00e7u intensificando o contato com o eleitorado por meio de caminhadas, encontros pol\u00edticos e eventos p\u00fablicos.<\/p>\n<h2>Movimenta\u00e7\u00e3o em Curitiba e no interior<\/h2>\n<\/p>\n<p>A capital do estado e munic\u00edpios do interior registraram intensa atividade dos concorrentes ao Executivo estadual, que buscam consolidar suas bases e apresentar propostas neste per\u00edodo decisivo da corrida eleitoral.<\/p>\n<h2>Agenda dos principais concorrentes<\/h2>\n<\/p>\n<p>Em Curitiba, Alexandre Salom\u00e3o (Mobiliza) realizou uma caminhada com militantes pela tradicional Rua XV de Novembro, enquanto Tayn\u00e1 Miessa (UP) conversou com trabalhadores em bairros da capital durante o per\u00edodo matutino, finalizando o dia com um jantar pol\u00edtico. J\u00e1 Samuel Mattos (PSTU) dedicou o dia a preparativos internos na sede partid\u00e1ria para o Ato do Grito dos Exclu\u00eddos.<\/p>\n<p>No interior paranaense, Adriano Teixeira (PCO) esteve em Paranava\u00ed, conversando com moradores do Jardim Ip\u00ea e circulando por espa\u00e7os p\u00fablicos como a Pra\u00e7a dos Pioneiros. Sandro Alex (PSD) cumpriu agenda dupla no Norte do estado, passando por Maring\u00e1 para encontros com lideran\u00e7as e, em seguida, por Londrina, onde prestigiou um torneio de futsal e o Festival da Primavera &#8211; Londrina Matsuri.<\/p>\n<h2>Visitas e repercuss\u00e3o regional<\/h2>\n<\/p>\n<p>Outro destaque do dia foi a passagem de S\u00e9rgio Moro (PL) pela regi\u00e3o dos Campos Gerais. O candidato esteve na Cadeia P\u00fablica de Ponta Grossa acompanhado por Fl\u00e1vio Bolsonaro (PL) para visitar Filipe Martins, ex-assessor presidencial.<\/p>\n<p>A disputa pelo governo paranaense conta oficialmente com oito nomes registrados na Justi\u00e7a Eleitoral. O primeiro turno est\u00e1 agendado para o dia 4 de outubro, com eventual segundo turno no dia 25 do mesmo m\u00eas.<\/p>\n<p>Por Reda\u00e7\u00e3o Acontece<\/p>\n<p>Foto: Marcelo Camargo\/Ag\u00eancia Brasil<\/p>\n","protected":false},"excerpt":{"rendered":"<p>As ruas de diferentes regi\u00f5es paranaenses foram tomadas por atividades de campanha neste s\u00e1bado (5), com os postulantes ao Pal\u00e1cio Igua\u00e7u intensificando o contato com o eleitorado por meio de caminhadas, encontros pol\u00edticos e eventos p\u00fablicos. Movimenta\u00e7\u00e3o em Curitiba e no interior A capital do estado e munic\u00edpios do interior registraram intensa atividade dos concorrentes [&hellip;]<\/p>\n","protected":false},"author":0,"featured_media":36192,"comment_status":"open","ping_status":"open","sticky":false,"template":"","format":"standard","meta":{"footnotes":""},"categories":[18],"tags":[],"class_list":["post-36187","post","type-post","status-publish","format-standard","has-post-thumbnail","hentry","category-parana"],"_links":{"self":[{"href":"https:\/\/acontecenafronteira.com.br\/index.php\/wp-json\/wp\/v2\/posts\/36187","targetHints":{"allow":["GET"]}}],"collection":[{"href":"https:\/\/acontecenafronteira.com.br\/index.php\/wp-json\/wp\/v2\/posts"}],"about":[{"href":"https:\/\/acontecenafronteira.com.br\/index.php\/wp-json\/wp\/v2\/types\/post"}],"replies":[{"embeddable":true,"href":"https:\/\/acontecenafronteira.com.br\/index.php\/wp-json\/wp\/v2\/comments?post=36187"}],"version-history":[{"count":1,"href":"https:\/\/acontecenafronteira.com.br\/index.php\/wp-json\/wp\/v2\/posts\/36187\/revisions"}],"predecessor-version":[{"id":36191,"href":"https:\/\/acontecenafronteira.com.br\/index.php\/wp-json\/wp\/v2\/posts\/36187\/revisions\/36191"}],"wp:featuredmedia":[{"embeddable":true,"href":"https:\/\/acontecenafronteira.com.br\/index.php\/wp-json\/wp\/v2\/media\/36192"}],"wp:attachment":[{"href":"https:\/\/acontecenafronteira.com.br\/index.php\/wp-json\/wp\/v2\/media?parent=36187"}],"wp:term":[{"taxonomy":"category","embeddable":true,"href":"https:\/\/acontecenafronteira.com.br\/index.php\/wp-json\/wp\/v2\/categories?post=36187"},{"taxonomy":"post_tag","embeddable":true,"href":"https:\/\/acontecenafronteira.com.br\/index.php\/wp-json\/wp\/v2\/tags?post=36187"}],"curies":[{"name":"wp","href":"https:\/\/api.w.org\/{rel}","templated":true}]}}