{"id":36184,"date":"2026-09-05T18:36:00","date_gmt":"2026-09-05T21:36:00","guid":{"rendered":"https:\/\/acontecenafronteira.com.br\/?p=36184"},"modified":"2026-09-05T18:36:00","modified_gmt":"2026-09-05T21:36:00","slug":"foz-do-iguacu-perde-para-o-azuriz-na-copa-parana-2026","status":"publish","type":"post","link":"https:\/\/acontecenafronteira.com.br\/index.php\/2026\/09\/05\/foz-do-iguacu-perde-para-o-azuriz-na-copa-parana-2026\/","title":{"rendered":"Foz do Igua\u00e7u perde para o Azuriz na Copa Paran\u00e1 2026"},"content":{"rendered":"<p>O Foz do Igua\u00e7u FC acabou derrotado pelo Azuriz por 2 a 0 jogando em Pato Branco, em partida v\u00e1lida pela segunda rodada da Copa Paran\u00e1 2026.<\/p>\n<h2>Desempenho no segundo tempo<\/h2>\n<p>Apesar de pressionar o advers\u00e1rio na etapa final e conseguir equilibrar as a\u00e7\u00f5es em campo, o Azul\u00e3o da Fronteira n\u00e3o conseguiu evitar o rev\u00e9s fora de casa.<\/p>\n<h2>Gol nos acr\u00e9scimos define a partida<\/h2>\n<p>O resultado adverso foi selado com um gol sofrido j\u00e1 nos acr\u00e9scimos do confronto, quando a equipe tentava o empate e deixou espa\u00e7os na defesa.<\/p>\n<p>Com este placar na competi\u00e7\u00e3o estadual, o time de Foz do Igua\u00e7u precisa corrigir os erros defensivos para buscar a recupera\u00e7\u00e3o nas pr\u00f3ximas rodadas do torneio.<\/p>\n<p>Por Reda\u00e7\u00e3o Acontece<\/p>\n<p>Foto: Divulga\u00e7\u00e3o\/Foz do Igua\u00e7u FC<\/p>\n","protected":false},"excerpt":{"rendered":"<p>O Foz do Igua\u00e7u FC acabou derrotado pelo Azuriz por 2 a 0 jogando em Pato Branco, em partida v\u00e1lida pela segunda rodada da Copa Paran\u00e1 2026. Desempenho no segundo tempo Apesar de pressionar o advers\u00e1rio na etapa final e conseguir equilibrar as a\u00e7\u00f5es em campo, o Azul\u00e3o da Fronteira n\u00e3o conseguiu evitar o rev\u00e9s [&hellip;]<\/p>\n","protected":false},"author":0,"featured_media":36186,"comment_status":"open","ping_status":"open","sticky":false,"template":"","format":"standard","meta":{"footnotes":""},"categories":[4],"tags":[],"class_list":["post-36184","post","type-post","status-publish","format-standard","has-post-thumbnail","hentry","category-cidade"],"_links":{"self":[{"href":"https:\/\/acontecenafronteira.com.br\/index.php\/wp-json\/wp\/v2\/posts\/36184","targetHints":{"allow":["GET"]}}],"collection":[{"href":"https:\/\/acontecenafronteira.com.br\/index.php\/wp-json\/wp\/v2\/posts"}],"about":[{"href":"https:\/\/acontecenafronteira.com.br\/index.php\/wp-json\/wp\/v2\/types\/post"}],"replies":[{"embeddable":true,"href":"https:\/\/acontecenafronteira.com.br\/index.php\/wp-json\/wp\/v2\/comments?post=36184"}],"version-history":[{"count":1,"href":"https:\/\/acontecenafronteira.com.br\/index.php\/wp-json\/wp\/v2\/posts\/36184\/revisions"}],"predecessor-version":[{"id":36185,"href":"https:\/\/acontecenafronteira.com.br\/index.php\/wp-json\/wp\/v2\/posts\/36184\/revisions\/36185"}],"wp:featuredmedia":[{"embeddable":true,"href":"https:\/\/acontecenafronteira.com.br\/index.php\/wp-json\/wp\/v2\/media\/36186"}],"wp:attachment":[{"href":"https:\/\/acontecenafronteira.com.br\/index.php\/wp-json\/wp\/v2\/media?parent=36184"}],"wp:term":[{"taxonomy":"category","embeddable":true,"href":"https:\/\/acontecenafronteira.com.br\/index.php\/wp-json\/wp\/v2\/categories?post=36184"},{"taxonomy":"post_tag","embeddable":true,"href":"https:\/\/acontecenafronteira.com.br\/index.php\/wp-json\/wp\/v2\/tags?post=36184"}],"curies":[{"name":"wp","href":"https:\/\/api.w.org\/{rel}","templated":true}]}}