{"id":36171,"date":"2026-09-05T17:37:03","date_gmt":"2026-09-05T20:37:03","guid":{"rendered":"https:\/\/acontecenafronteira.com.br\/?p=36171"},"modified":"2026-09-05T17:37:03","modified_gmt":"2026-09-05T20:37:03","slug":"gilmar-mendes-quer-proibir-policiais-em-gabinetes-do-stf","status":"publish","type":"post","link":"https:\/\/acontecenafronteira.com.br\/index.php\/2026\/09\/05\/gilmar-mendes-quer-proibir-policiais-em-gabinetes-do-stf\/","title":{"rendered":"Gilmar Mendes quer proibir policiais em gabinetes do STF"},"content":{"rendered":"<p>O ministro Gilmar Mendes apresentou uma proposta para alterar o regimento interno do Supremo Tribunal Federal com o objetivo de impedir que policiais e militares ocupem cargos comissionados e fun\u00e7\u00f5es de assessoria nos gabinetes dos magistrados da Corte.<\/p>\n<h2>Impacto da mudan\u00e7a na Corte<\/h2>\n<p>A medida tem como alvo principal os delegados da Pol\u00edcia Federal que atualmente atuam como assessores diretos dos ministros do tribunal. Para que a altera\u00e7\u00e3o regimental seja aprovada, o texto precisa passar pelo crivo do plen\u00e1rio e conquistar o apoio de pelo menos seis dos onze ministros que comp\u00f5em o STF.<\/p>\n<p>Caso seja aceita, a restri\u00e7\u00e3o se estender\u00e1 aos membros das For\u00e7as Armadas e a todas as carreiras policiais listadas na Constitui\u00e7\u00e3o Federal, abrangendo inclusive servidores que estejam temporariamente licenciados ou cedidos ao Supremo. Al\u00e9m disso, a regra determina a imediata repatria\u00e7\u00e3o dos policiais que j\u00e1 cumprem fun\u00e7\u00f5es nos gabinetes para seus \u00f3rg\u00e3os de origem.<\/p>\n<h2>Exce\u00e7\u00f5es e motiva\u00e7\u00e3o do debate<\/h2>\n<p>A \u00fanica ressalva presente na minuta diz respeito aos profissionais fardados ou policiais que atuam estritamente na \u00e1rea de seguran\u00e7a institucional. Contudo, mesmo nestas situa\u00e7\u00f5es espec\u00edficas, fica terminantemente proibida a atua\u00e7\u00e3o desses agentes na instru\u00e7\u00e3o de processos e inqu\u00e9ritos, bem como a presta\u00e7\u00e3o de qualquer tipo de consultoria jur\u00eddica aos magistrados.<\/p>\n<p>A discuss\u00e3o sobre o tema ganhou for\u00e7a ap\u00f3s conversas entre Gilmar Mendes e a c\u00fapula do tribunal. O receio central que motivou a iniciativa \u00e9 a possibilidade de que agentes da Pol\u00edcia Federal lotados internamente acabem exercendo influ\u00eancia indevida sobre investiga\u00e7\u00f5es que est\u00e3o sob a supervis\u00e3o direta dos ministros do STF.<\/p>\n<p>Por Reda\u00e7\u00e3o Acontece<\/p>\n<p>Foto: Divulga\u00e7\u00e3o\/STF<\/p>\n","protected":false},"excerpt":{"rendered":"<p>O ministro Gilmar Mendes apresentou uma proposta para alterar o regimento interno do Supremo Tribunal Federal com o objetivo de impedir que policiais e militares ocupem cargos comissionados e fun\u00e7\u00f5es de assessoria nos gabinetes dos magistrados da Corte. Impacto da mudan\u00e7a na Corte A medida tem como alvo principal os delegados da Pol\u00edcia Federal que [&hellip;]<\/p>\n","protected":false},"author":0,"featured_media":36181,"comment_status":"open","ping_status":"open","sticky":false,"template":"","format":"standard","meta":{"footnotes":""},"categories":[6],"tags":[],"class_list":["post-36171","post","type-post","status-publish","format-standard","has-post-thumbnail","hentry","category-mercosul"],"_links":{"self":[{"href":"https:\/\/acontecenafronteira.com.br\/index.php\/wp-json\/wp\/v2\/posts\/36171","targetHints":{"allow":["GET"]}}],"collection":[{"href":"https:\/\/acontecenafronteira.com.br\/index.php\/wp-json\/wp\/v2\/posts"}],"about":[{"href":"https:\/\/acontecenafronteira.com.br\/index.php\/wp-json\/wp\/v2\/types\/post"}],"replies":[{"embeddable":true,"href":"https:\/\/acontecenafronteira.com.br\/index.php\/wp-json\/wp\/v2\/comments?post=36171"}],"version-history":[{"count":1,"href":"https:\/\/acontecenafronteira.com.br\/index.php\/wp-json\/wp\/v2\/posts\/36171\/revisions"}],"predecessor-version":[{"id":36180,"href":"https:\/\/acontecenafronteira.com.br\/index.php\/wp-json\/wp\/v2\/posts\/36171\/revisions\/36180"}],"wp:featuredmedia":[{"embeddable":true,"href":"https:\/\/acontecenafronteira.com.br\/index.php\/wp-json\/wp\/v2\/media\/36181"}],"wp:attachment":[{"href":"https:\/\/acontecenafronteira.com.br\/index.php\/wp-json\/wp\/v2\/media?parent=36171"}],"wp:term":[{"taxonomy":"category","embeddable":true,"href":"https:\/\/acontecenafronteira.com.br\/index.php\/wp-json\/wp\/v2\/categories?post=36171"},{"taxonomy":"post_tag","embeddable":true,"href":"https:\/\/acontecenafronteira.com.br\/index.php\/wp-json\/wp\/v2\/tags?post=36171"}],"curies":[{"name":"wp","href":"https:\/\/api.w.org\/{rel}","templated":true}]}}