{"id":36170,"date":"2026-09-05T17:36:56","date_gmt":"2026-09-05T20:36:56","guid":{"rendered":"https:\/\/acontecenafronteira.com.br\/?p=36170"},"modified":"2026-09-05T17:36:56","modified_gmt":"2026-09-05T20:36:56","slug":"temporal-historico-tres-furacoes-simultaneos-no-pacifico","status":"publish","type":"post","link":"https:\/\/acontecenafronteira.com.br\/index.php\/2026\/09\/05\/temporal-historico-tres-furacoes-simultaneos-no-pacifico\/","title":{"rendered":"Temporal hist\u00f3rico: tr\u00eas furac\u00f5es simult\u00e2neos no Pac\u00edfico"},"content":{"rendered":"<p>Temporal hist\u00f3rico: tr\u00eas furac\u00f5es simult\u00e2neos no Pac\u00edfico Meteorologistas americanos alertam para a forma\u00e7\u00e3o in\u00e9dita de tr\u00eas furac\u00f5es simult\u00e2neos no Oceano Pac\u00edfico, impulsionados pelas \u00e1guas aquecidas do El Ni\u00f1o. O Centro Nacional de Furac\u00f5es dos Estados Unidos emitiu um alerta oficial informando a presen\u00e7a de tr\u00eas furac\u00f5es ativos de forma simult\u00e2nea nas \u00e1guas do Oceano Pac\u00edfico. <\/p>\n<h2>Impacto do El Ni\u00f1o na meteorologia<\/h2>\n<p> O fen\u00f4meno clim\u00e1tico El Ni\u00f1o tem sido apontado como o principal motor dessa intensa movimenta\u00e7\u00e3o atmosf\u00e9rica. Caracterizado pelo aquecimento anormal da superf\u00edcie do Oceano Pac\u00edfico Equatorial, ele fornece o calor necess\u00e1rio que serve como combust\u00edvel para a forma\u00e7\u00e3o e intensifica\u00e7\u00e3o dessas tempestades tropicais. <\/p>\n<h2>Os tr\u00eas sistemas ativos<\/h2>\n<p> Batizados de Karina, Lowell e Marie, os fen\u00f4menos apresentam intensidades e dist\u00e2ncias variadas em rela\u00e7\u00e3o ao continente. O sistema Lowell destaca-se como o mais potente do trio, tendo atingido a categoria m\u00e1xima 5 dias antes, embora mantenha uma trajet\u00f3ria distante da costa e atualmente esteja na categoria 4. Por outro lado, o furac\u00e3o Marie desperta maior preocupa\u00e7\u00e3o nas autoridades por se encontrar mais pr\u00f3ximo da pen\u00ednsula da Baixa Calif\u00f3rnia, no territ\u00f3rio mexicano. Com ventos sustentados que alcan\u00e7am cerca de 145 km\/h, o fen\u00f4meno foi classificado como categoria 1 e avan\u00e7a lentamente rumo ao noroeste a uma velocidade m\u00e9dia de 15 km\/h. <\/p>\n<h2>Proximidade com \u00e1reas habitadas<\/h2>\n<p> Dados de plataformas globais de previs\u00e3o meteorol\u00f3gica indicam que a Ilha de Guadalupe, famosa por abrigar tubar\u00f5es-brancos e possuir cerca de 150 habitantes fixos, est\u00e1 situada a aproximadamente 750 km do centro do Marie, j\u00e1 sentindo os reflexos dos ventos moderados na regi\u00e3o. Enquanto isso, especialistas continuam monitorando o surgimento de novas instabilidades ao redor do olho do furac\u00e3o Marie, estimando chances significativas de novos desenvolvimentos tropicais na costa sudoeste mexicana para os pr\u00f3ximos dias. Por Reda\u00e7\u00e3o Acontece Reprodu\u00e7\u00e3o\/NHC \/ Windy<\/p>\n","protected":false},"excerpt":{"rendered":"<p>Temporal hist\u00f3rico: tr\u00eas furac\u00f5es simult\u00e2neos no Pac\u00edfico Meteorologistas americanos alertam para a forma\u00e7\u00e3o in\u00e9dita de tr\u00eas furac\u00f5es simult\u00e2neos no Oceano Pac\u00edfico, impulsionados pelas \u00e1guas aquecidas do El Ni\u00f1o. O Centro Nacional de Furac\u00f5es dos Estados Unidos emitiu um alerta oficial informando a presen\u00e7a de tr\u00eas furac\u00f5es ativos de forma simult\u00e2nea nas \u00e1guas do Oceano Pac\u00edfico. [&hellip;]<\/p>\n","protected":false},"author":0,"featured_media":36179,"comment_status":"open","ping_status":"open","sticky":false,"template":"","format":"standard","meta":{"footnotes":""},"categories":[6],"tags":[],"class_list":["post-36170","post","type-post","status-publish","format-standard","has-post-thumbnail","hentry","category-mercosul"],"_links":{"self":[{"href":"https:\/\/acontecenafronteira.com.br\/index.php\/wp-json\/wp\/v2\/posts\/36170","targetHints":{"allow":["GET"]}}],"collection":[{"href":"https:\/\/acontecenafronteira.com.br\/index.php\/wp-json\/wp\/v2\/posts"}],"about":[{"href":"https:\/\/acontecenafronteira.com.br\/index.php\/wp-json\/wp\/v2\/types\/post"}],"replies":[{"embeddable":true,"href":"https:\/\/acontecenafronteira.com.br\/index.php\/wp-json\/wp\/v2\/comments?post=36170"}],"version-history":[{"count":1,"href":"https:\/\/acontecenafronteira.com.br\/index.php\/wp-json\/wp\/v2\/posts\/36170\/revisions"}],"predecessor-version":[{"id":36178,"href":"https:\/\/acontecenafronteira.com.br\/index.php\/wp-json\/wp\/v2\/posts\/36170\/revisions\/36178"}],"wp:featuredmedia":[{"embeddable":true,"href":"https:\/\/acontecenafronteira.com.br\/index.php\/wp-json\/wp\/v2\/media\/36179"}],"wp:attachment":[{"href":"https:\/\/acontecenafronteira.com.br\/index.php\/wp-json\/wp\/v2\/media?parent=36170"}],"wp:term":[{"taxonomy":"category","embeddable":true,"href":"https:\/\/acontecenafronteira.com.br\/index.php\/wp-json\/wp\/v2\/categories?post=36170"},{"taxonomy":"post_tag","embeddable":true,"href":"https:\/\/acontecenafronteira.com.br\/index.php\/wp-json\/wp\/v2\/tags?post=36170"}],"curies":[{"name":"wp","href":"https:\/\/api.w.org\/{rel}","templated":true}]}}