{"id":36169,"date":"2026-09-05T17:36:51","date_gmt":"2026-09-05T20:36:51","guid":{"rendered":"https:\/\/acontecenafronteira.com.br\/?p=36169"},"modified":"2026-09-05T17:36:51","modified_gmt":"2026-09-05T20:36:51","slug":"parana-foz-do-iguacu-reforca-seguranca-urbana","status":"publish","type":"post","link":"https:\/\/acontecenafronteira.com.br\/index.php\/2026\/09\/05\/parana-foz-do-iguacu-reforca-seguranca-urbana\/","title":{"rendered":"Paran\u00e1: Foz do Igua\u00e7u refor\u00e7a seguran\u00e7a urbana"},"content":{"rendered":"<p>A cidade de <strong>Foz do Igua\u00e7u<\/strong> anunciou um novo conjunto de medidas voltado para o fortalecimento da seguran\u00e7a p\u00fablica em sua \u00e1rea urbana. A iniciativa busca integrar diferentes for\u00e7as policiais para garantir maior tranquilidade \u00e0 popula\u00e7\u00e3o local e aos turistas que visitam a fronteira.<\/p>\n<h2>Investimentos em tecnologia<\/h2>\n<p>\nComo parte das novas diretrizes, o munic\u00edpio vai ampliar o monitoramento por c\u00e2meras em pontos estrat\u00e9gicos. A medida tem como foco principal a preven\u00e7\u00e3o de delitos e a r\u00e1pida resposta a ocorr\u00eancias em \u00e1reas comerciais e residenciais.<\/p>\n<h2>Integra\u00e7\u00e3o das for\u00e7as de seguran\u00e7a<\/h2>\n<p>\nAs autoridades locais destacam que a coopera\u00e7\u00e3o entre a Guarda Municipal, a Pol\u00edcia Militar e a Pol\u00edcia Civil ser\u00e1 intensificada. Essa uni\u00e3o de esfor\u00e7os visa otimizar as opera\u00e7\u00f5es de patrulhamento e o cerco a ve\u00edculos suspeitos na regi\u00e3o oeste do estado.<\/p>\n<p>Especialistas na \u00e1rea avaliam que a tecnologia aliada ao policiamento ostensivo representa um avan\u00e7o importante para a redu\u00e7\u00e3o dos \u00edndices de criminalidade. O patrulhamento constante em rodovias estaduais e acessos \u00e0 cidade tamb\u00e9m faz parte do planejamento estrat\u00e9gico.<\/p>\n<p>Com essas a\u00e7\u00f5es, o governo municipal espera consolidar um ambiente mais seguro, garantindo a ordem p\u00fablica e a prote\u00e7\u00e3o de todos os cidad\u00e3os que circulam por Foz do Igua\u00e7u e munic\u00edpios vizinhos.<\/p>\n<p>Por Reda\u00e7\u00e3o Acontece<\/p>\n<p>Foto: Divula\u00e7\u00e3o\/Prefeitura<\/p>\n","protected":false},"excerpt":{"rendered":"<p>A cidade de Foz do Igua\u00e7u anunciou um novo conjunto de medidas voltado para o fortalecimento da seguran\u00e7a p\u00fablica em sua \u00e1rea urbana. A iniciativa busca integrar diferentes for\u00e7as policiais para garantir maior tranquilidade \u00e0 popula\u00e7\u00e3o local e aos turistas que visitam a fronteira. Investimentos em tecnologia Como parte das novas diretrizes, o munic\u00edpio vai [&hellip;]<\/p>\n","protected":false},"author":0,"featured_media":36177,"comment_status":"open","ping_status":"open","sticky":false,"template":"","format":"standard","meta":{"footnotes":""},"categories":[6],"tags":[],"class_list":["post-36169","post","type-post","status-publish","format-standard","has-post-thumbnail","hentry","category-mercosul"],"_links":{"self":[{"href":"https:\/\/acontecenafronteira.com.br\/index.php\/wp-json\/wp\/v2\/posts\/36169","targetHints":{"allow":["GET"]}}],"collection":[{"href":"https:\/\/acontecenafronteira.com.br\/index.php\/wp-json\/wp\/v2\/posts"}],"about":[{"href":"https:\/\/acontecenafronteira.com.br\/index.php\/wp-json\/wp\/v2\/types\/post"}],"replies":[{"embeddable":true,"href":"https:\/\/acontecenafronteira.com.br\/index.php\/wp-json\/wp\/v2\/comments?post=36169"}],"version-history":[{"count":1,"href":"https:\/\/acontecenafronteira.com.br\/index.php\/wp-json\/wp\/v2\/posts\/36169\/revisions"}],"predecessor-version":[{"id":36176,"href":"https:\/\/acontecenafronteira.com.br\/index.php\/wp-json\/wp\/v2\/posts\/36169\/revisions\/36176"}],"wp:featuredmedia":[{"embeddable":true,"href":"https:\/\/acontecenafronteira.com.br\/index.php\/wp-json\/wp\/v2\/media\/36177"}],"wp:attachment":[{"href":"https:\/\/acontecenafronteira.com.br\/index.php\/wp-json\/wp\/v2\/media?parent=36169"}],"wp:term":[{"taxonomy":"category","embeddable":true,"href":"https:\/\/acontecenafronteira.com.br\/index.php\/wp-json\/wp\/v2\/categories?post=36169"},{"taxonomy":"post_tag","embeddable":true,"href":"https:\/\/acontecenafronteira.com.br\/index.php\/wp-json\/wp\/v2\/tags?post=36169"}],"curies":[{"name":"wp","href":"https:\/\/api.w.org\/{rel}","templated":true}]}}