{"id":36168,"date":"2026-09-05T17:36:47","date_gmt":"2026-09-05T20:36:47","guid":{"rendered":"https:\/\/acontecenafronteira.com.br\/?p=36168"},"modified":"2026-09-05T17:36:47","modified_gmt":"2026-09-05T20:36:47","slug":"acidente-na-br-277-no-parana-caminhao-tomba-e-vaza-carga","status":"publish","type":"post","link":"https:\/\/acontecenafronteira.com.br\/index.php\/2026\/09\/05\/acidente-na-br-277-no-parana-caminhao-tomba-e-vaza-carga\/","title":{"rendered":"Acidente na BR-277 no Paran\u00e1: Caminh\u00e3o tomba e vaza carga"},"content":{"rendered":"<p>Um grave acidente envolvendo um ve\u00edculo de carga mobilizou equipes de seguran\u00e7a na manh\u00e3 deste s\u00e1bado (5\/9) em um trecho estrat\u00e9gico de rodovia no estado do Paran\u00e1, causando a interdi\u00e7\u00e3o total da pista ap\u00f3s o tombamento de um caminh\u00e3o-tanque que transportava combust\u00edveis inflam\u00e1veis.<\/p>\n<h2>Impacto ambiental e vazamento<\/h2>\n<p>O ve\u00edculo pesados contava com m\u00faltiplos compartimentos de carga, sendo que parte deles continha gasolina e etanol. Com o impacto do tombamento, a estrutura que armazenava o \u00e1lcool combust\u00edvel acabou se rompendo, permitindo que o produto escoasse pelas margens da estrada e atingisse diretamente o leito de um c\u00f3rrego situado nas proximidades.<\/p>\n<h2>Atendimento e interdi\u00e7\u00e3o da via<\/h2>\n<p>O condutor do caminh\u00e3o sofreu ferimentos leves decorrentes do impacto e recebeu os primeiros socorros de uma equipe do Servi\u00e7o de Atendimento M\u00f3vel de Urg\u00eancia ainda no local da ocorr\u00eancia.<\/p>\n<p>Diante do alto risco de explos\u00e3o e propaga\u00e7\u00e3o de vapores t\u00f3xicos, o tr\u00e1fego na rodovia foi totalmente bloqueado em ambos os sentidos. Militares do Corpo de Bombeiros isolaram o per\u00edmetro em um raio de seguran\u00e7a de trezentos metros e realizaram o desligamento preventivo da bateria do ve\u00edculo pesado.<\/p>\n<h3>A\u00e7\u00f5es dos \u00f3rg\u00e3os competentes<\/h3>\n<p>Especialistas do N\u00facleo de Emerg\u00eancia Ambiental, juntamente com a Pol\u00edcia Militar Ambiental e a Defesa Civil do Paran\u00e1, foram acionados para monitorar os estragos ecol\u00f3gicos decorrentes da contamina\u00e7\u00e3o da \u00e1gua.<\/p>\n<p>At\u00e9 o momento, as autoridades n\u00e3o divulgaram uma estimativa exata para a normaliza\u00e7\u00e3o do tr\u00e1fego na regi\u00e3o, visto que os trabalhos dependem da conclus\u00e3o do transbordo seguro do restante da carga inflam\u00e1vel.<\/p>\n<p>Por Reda\u00e7\u00e3o Acontece<\/p>\n<p>Foto: Divulga\u00e7\u00e3o\/Bombeiros<\/p>\n","protected":false},"excerpt":{"rendered":"<p>Um grave acidente envolvendo um ve\u00edculo de carga mobilizou equipes de seguran\u00e7a na manh\u00e3 deste s\u00e1bado (5\/9) em um trecho estrat\u00e9gico de rodovia no estado do Paran\u00e1, causando a interdi\u00e7\u00e3o total da pista ap\u00f3s o tombamento de um caminh\u00e3o-tanque que transportava combust\u00edveis inflam\u00e1veis. Impacto ambiental e vazamento O ve\u00edculo pesados contava com m\u00faltiplos compartimentos de [&hellip;]<\/p>\n","protected":false},"author":0,"featured_media":36175,"comment_status":"open","ping_status":"open","sticky":false,"template":"","format":"standard","meta":{"footnotes":""},"categories":[6],"tags":[],"class_list":["post-36168","post","type-post","status-publish","format-standard","has-post-thumbnail","hentry","category-mercosul"],"_links":{"self":[{"href":"https:\/\/acontecenafronteira.com.br\/index.php\/wp-json\/wp\/v2\/posts\/36168","targetHints":{"allow":["GET"]}}],"collection":[{"href":"https:\/\/acontecenafronteira.com.br\/index.php\/wp-json\/wp\/v2\/posts"}],"about":[{"href":"https:\/\/acontecenafronteira.com.br\/index.php\/wp-json\/wp\/v2\/types\/post"}],"replies":[{"embeddable":true,"href":"https:\/\/acontecenafronteira.com.br\/index.php\/wp-json\/wp\/v2\/comments?post=36168"}],"version-history":[{"count":1,"href":"https:\/\/acontecenafronteira.com.br\/index.php\/wp-json\/wp\/v2\/posts\/36168\/revisions"}],"predecessor-version":[{"id":36174,"href":"https:\/\/acontecenafronteira.com.br\/index.php\/wp-json\/wp\/v2\/posts\/36168\/revisions\/36174"}],"wp:featuredmedia":[{"embeddable":true,"href":"https:\/\/acontecenafronteira.com.br\/index.php\/wp-json\/wp\/v2\/media\/36175"}],"wp:attachment":[{"href":"https:\/\/acontecenafronteira.com.br\/index.php\/wp-json\/wp\/v2\/media?parent=36168"}],"wp:term":[{"taxonomy":"category","embeddable":true,"href":"https:\/\/acontecenafronteira.com.br\/index.php\/wp-json\/wp\/v2\/categories?post=36168"},{"taxonomy":"post_tag","embeddable":true,"href":"https:\/\/acontecenafronteira.com.br\/index.php\/wp-json\/wp\/v2\/tags?post=36168"}],"curies":[{"name":"wp","href":"https:\/\/api.w.org\/{rel}","templated":true}]}}