{"id":36167,"date":"2026-09-05T17:36:43","date_gmt":"2026-09-05T20:36:43","guid":{"rendered":"https:\/\/acontecenafronteira.com.br\/?p=36167"},"modified":"2026-09-05T17:36:43","modified_gmt":"2026-09-05T20:36:43","slug":"selecao-feminina-estreia-com-goleada-e-marca-100o-gol-em-mundial","status":"publish","type":"post","link":"https:\/\/acontecenafronteira.com.br\/index.php\/2026\/09\/05\/selecao-feminina-estreia-com-goleada-e-marca-100o-gol-em-mundial\/","title":{"rendered":"Sele\u00e7\u00e3o Feminina estreia com goleada e marca 100\u00ba gol em Mundial"},"content":{"rendered":"<p>A Sele\u00e7\u00e3o Brasileira iniciou sua trajet\u00f3ria na Copa do Mundo Feminina Sub-20 com uma expressiva goleada por 4 a 1 sobre a Tanz\u00e2nia, somando seus primeiros tr\u00eas pontos no torneio internacional.<\/p>\n<h2>O gol hist\u00f3rico da zagueira Thay<\/h2>\n<p>Al\u00e9m do triunfo el\u00e1stico, o confronto foi marcado por um feito estat\u00edstico importante para o pa\u00eds. A defensora Thay balan\u00e7ou as redes e entrou para a hist\u00f3ria ao anotar o cent\u00e9simo tento brasileiro na hist\u00f3ria da competi\u00e7\u00e3o organizada pela FIFA.<\/p>\n<p>O lance decisivo ocorreu aos 14 minutos da etapa inicial, quando a defesa tanzaniana afastou parcialmente uma cobran\u00e7a de falta. Thaynara aproveitou a sobra na \u00e1rea, finalizou de p\u00e9 direito e celebrou o momento marcante com a camisa amarelinha.<\/p>\n<h2>Atua\u00e7\u00e3o e ajustes no segundo tempo<\/h2>\n<p>Al\u00e9m de Thaynara, as atletas Evelin e Vitorinha tamb\u00e9m contribu\u00edram para o placar favor\u00e1vel, consolidando o dom\u00ednio brasileiro na partida de estreia.<\/p>\n<p>Em entrevista ap\u00f3s o apito final, a autora do gol hist\u00f3rico destacou que o duelo exigiu muita intensidade f\u00edsica na etapa inicial. Segundo ela, as corre\u00e7\u00f5es pontuais feitas pela comiss\u00e3o t\u00e9cnica no intervalo foram fundamentais para garantir o resultado positivo.<\/p>\n<h2>Pr\u00f3ximos passos na competi\u00e7\u00e3o<\/h2>\n<p>Superado o primeiro desafio, o grupo comandado pela t\u00e9cnica Camilla j\u00e1 mira o pr\u00f3ximo compromisso no torneio sediado na Europa.<\/p>\n<p>As brasileiras retornam aos gramados na pr\u00f3xima ter\u00e7a-feira, dia 8 de setembro, \u00e0s 10h no hor\u00e1rio de Bras\u00edlia, para enfrentar a sele\u00e7\u00e3o do Canad\u00e1. O confronto ser\u00e1 realizado no gramado do Est\u00e1dio de Bielsko-Biala, em solo polon\u00eas.<\/p>\n<p>Por Reda\u00e7\u00e3o Acontece<\/p>\n<p>Foto: Divulga\u00e7\u00e3o\/FIFA<\/p>\n","protected":false},"excerpt":{"rendered":"<p>A Sele\u00e7\u00e3o Brasileira iniciou sua trajet\u00f3ria na Copa do Mundo Feminina Sub-20 com uma expressiva goleada por 4 a 1 sobre a Tanz\u00e2nia, somando seus primeiros tr\u00eas pontos no torneio internacional. O gol hist\u00f3rico da zagueira Thay Al\u00e9m do triunfo el\u00e1stico, o confronto foi marcado por um feito estat\u00edstico importante para o pa\u00eds. A defensora [&hellip;]<\/p>\n","protected":false},"author":0,"featured_media":36173,"comment_status":"open","ping_status":"open","sticky":false,"template":"","format":"standard","meta":{"footnotes":""},"categories":[6],"tags":[],"class_list":["post-36167","post","type-post","status-publish","format-standard","has-post-thumbnail","hentry","category-mercosul"],"_links":{"self":[{"href":"https:\/\/acontecenafronteira.com.br\/index.php\/wp-json\/wp\/v2\/posts\/36167","targetHints":{"allow":["GET"]}}],"collection":[{"href":"https:\/\/acontecenafronteira.com.br\/index.php\/wp-json\/wp\/v2\/posts"}],"about":[{"href":"https:\/\/acontecenafronteira.com.br\/index.php\/wp-json\/wp\/v2\/types\/post"}],"replies":[{"embeddable":true,"href":"https:\/\/acontecenafronteira.com.br\/index.php\/wp-json\/wp\/v2\/comments?post=36167"}],"version-history":[{"count":1,"href":"https:\/\/acontecenafronteira.com.br\/index.php\/wp-json\/wp\/v2\/posts\/36167\/revisions"}],"predecessor-version":[{"id":36172,"href":"https:\/\/acontecenafronteira.com.br\/index.php\/wp-json\/wp\/v2\/posts\/36167\/revisions\/36172"}],"wp:featuredmedia":[{"embeddable":true,"href":"https:\/\/acontecenafronteira.com.br\/index.php\/wp-json\/wp\/v2\/media\/36173"}],"wp:attachment":[{"href":"https:\/\/acontecenafronteira.com.br\/index.php\/wp-json\/wp\/v2\/media?parent=36167"}],"wp:term":[{"taxonomy":"category","embeddable":true,"href":"https:\/\/acontecenafronteira.com.br\/index.php\/wp-json\/wp\/v2\/categories?post=36167"},{"taxonomy":"post_tag","embeddable":true,"href":"https:\/\/acontecenafronteira.com.br\/index.php\/wp-json\/wp\/v2\/tags?post=36167"}],"curies":[{"name":"wp","href":"https:\/\/api.w.org\/{rel}","templated":true}]}}