{"id":36155,"date":"2026-09-05T17:36:29","date_gmt":"2026-09-05T20:36:29","guid":{"rendered":"https:\/\/acontecenafronteira.com.br\/?p=36155"},"modified":"2026-09-05T17:36:29","modified_gmt":"2026-09-05T20:36:29","slug":"ia-no-parana-foz-do-iguacu-debate-inovacao-em-grandes-eventos","status":"publish","type":"post","link":"https:\/\/acontecenafronteira.com.br\/index.php\/2026\/09\/05\/ia-no-parana-foz-do-iguacu-debate-inovacao-em-grandes-eventos\/","title":{"rendered":"IA no Paran\u00e1: Foz do Igua\u00e7u debate inova\u00e7\u00e3o em grandes eventos"},"content":{"rendered":"<p>A tecnologia de intelig\u00eancia artificial aplicada para monitorar a rea\u00e7\u00e3o de grandes p\u00fablicos em festivais de m\u00fasica desperta o interesse de especialistas em tecnologia em todo o pa\u00eds, gerando debates sobre inova\u00e7\u00e3o e an\u00e1lise de dados em polos tecnol\u00f3gicos do estado do Paran\u00e1.<\/p>\n<h2>Funcionamento da tecnologia de monitoramento<\/h2>\n<p>O sistema inovador combina vis\u00e3o computacional, c\u00e2meras infravermelhas e decibel\u00edmetros avan\u00e7ados para transformar rea\u00e7\u00f5es coletivas em m\u00e9tricas precisas em tempo real. A ferramenta avalia a vibra\u00e7\u00e3o, a intensidade sonora e a sincronia dos movimentos da plateia como um todo, preservando a privacidade dos espectadores sem focar em rostos individuais e operando em total conformidade com a Lei Geral de Prote\u00e7\u00e3o de Dados (LGPD).<\/p>\n<h3>Indicadores de comportamento e emo\u00e7\u00e3o<\/h3>\n<p>Entre os nove indicadores utilizados para mensurar o engajamento da multid\u00e3o est\u00e3o a vibra\u00e7\u00e3o coletiva, o pico de emo\u00e7\u00e3o, a massa sincronizada e a energia m\u00e1xima. Esses par\u00e2metros capturam desde o coro un\u00edssono dos f\u00e3s at\u00e9 saltos ritmados e momentos de aten\u00e7\u00e3o absoluta, exibindo os resultados diretamente em pain\u00e9is digitais interativos instalados nos locais dos eventos.<\/p>\n<p>A integra\u00e7\u00e3o dessas ferramentas de an\u00e1lise avan\u00e7ada demonstra o avan\u00e7o global da intelig\u00eancia artificial, tema que ganha cada vez mais relev\u00e2ncia em debates acad\u00eamicos e corporativos em cidades paranaenses focadas no desenvolvimento tecnol\u00f3gico, como Foz do Igua\u00e7u.<\/p>\n<p>Por Reda\u00e7\u00e3o Acontece<\/p>\n<p>Foto: Divulga\u00e7\u00e3o<\/p>\n","protected":false},"excerpt":{"rendered":"<p>A tecnologia de intelig\u00eancia artificial aplicada para monitorar a rea\u00e7\u00e3o de grandes p\u00fablicos em festivais de m\u00fasica desperta o interesse de especialistas em tecnologia em todo o pa\u00eds, gerando debates sobre inova\u00e7\u00e3o e an\u00e1lise de dados em polos tecnol\u00f3gicos do estado do Paran\u00e1. Funcionamento da tecnologia de monitoramento O sistema inovador combina vis\u00e3o computacional, c\u00e2meras [&hellip;]<\/p>\n","protected":false},"author":0,"featured_media":36164,"comment_status":"open","ping_status":"open","sticky":false,"template":"","format":"standard","meta":{"footnotes":""},"categories":[28],"tags":[],"class_list":["post-36155","post","type-post","status-publish","format-standard","has-post-thumbnail","hentry","category-mundo"],"_links":{"self":[{"href":"https:\/\/acontecenafronteira.com.br\/index.php\/wp-json\/wp\/v2\/posts\/36155","targetHints":{"allow":["GET"]}}],"collection":[{"href":"https:\/\/acontecenafronteira.com.br\/index.php\/wp-json\/wp\/v2\/posts"}],"about":[{"href":"https:\/\/acontecenafronteira.com.br\/index.php\/wp-json\/wp\/v2\/types\/post"}],"replies":[{"embeddable":true,"href":"https:\/\/acontecenafronteira.com.br\/index.php\/wp-json\/wp\/v2\/comments?post=36155"}],"version-history":[{"count":1,"href":"https:\/\/acontecenafronteira.com.br\/index.php\/wp-json\/wp\/v2\/posts\/36155\/revisions"}],"predecessor-version":[{"id":36163,"href":"https:\/\/acontecenafronteira.com.br\/index.php\/wp-json\/wp\/v2\/posts\/36155\/revisions\/36163"}],"wp:featuredmedia":[{"embeddable":true,"href":"https:\/\/acontecenafronteira.com.br\/index.php\/wp-json\/wp\/v2\/media\/36164"}],"wp:attachment":[{"href":"https:\/\/acontecenafronteira.com.br\/index.php\/wp-json\/wp\/v2\/media?parent=36155"}],"wp:term":[{"taxonomy":"category","embeddable":true,"href":"https:\/\/acontecenafronteira.com.br\/index.php\/wp-json\/wp\/v2\/categories?post=36155"},{"taxonomy":"post_tag","embeddable":true,"href":"https:\/\/acontecenafronteira.com.br\/index.php\/wp-json\/wp\/v2\/tags?post=36155"}],"curies":[{"name":"wp","href":"https:\/\/api.w.org\/{rel}","templated":true}]}}