{"id":36153,"date":"2026-09-05T17:36:15","date_gmt":"2026-09-05T20:36:15","guid":{"rendered":"https:\/\/acontecenafronteira.com.br\/?p=36153"},"modified":"2026-09-05T17:36:15","modified_gmt":"2026-09-05T20:36:15","slug":"gilmar-mendes-propoe-tirar-pf-e-militares-do-stf","status":"publish","type":"post","link":"https:\/\/acontecenafronteira.com.br\/index.php\/2026\/09\/05\/gilmar-mendes-propoe-tirar-pf-e-militares-do-stf\/","title":{"rendered":"Gilmar Mendes prop\u00f5e tirar PF e militares do STF"},"content":{"rendered":"<p>O ministro Gilmar Mendes, integrante do Supremo Tribunal Federal (STF), protocolou neste s\u00e1bado uma proposta de emenda ao regimento interno da Corte. O objetivo principal da medida \u00e9 vedar a presen\u00e7a de delegados da Pol\u00edcia Federal e de oficiais militares em gabinetes de ministros do tribunal.<\/p>\n<p>H2 Nova proposta para a Corte<\/p>\n<p>H3 Mudan\u00e7as nos gabinetes<\/p>\n<p>A iniciativa surge no momento em que o tribunal enfrenta repercuss\u00f5es decorrentes da crise do chamado caso Master. A altera\u00e7\u00e3o regimental busca modificar a composi\u00e7\u00e3o interna das equipes de trabalho que assessoram diretamente os magistrados no STF.<\/p>\n<p>H2 Detalhes do protocolo<\/p>\n<p>H3 Tramita\u00e7\u00e3o no Supremo<\/p>\n<p>O texto formalizando a mudan\u00e7a foi submetido \u00e0 an\u00e1lise da Corte neste final de semana. Caso seja aprovado, o novo regimento estabelecer\u00e1 diretrizes mais restritivas quanto \u00e0 origem dos assessores autorizados a atuar nos gabinetes ministeriais.<\/p>\n<p>A movimenta\u00e7\u00e3o nos bastidores do Poder Judici\u00e1rio evidencia debates em curso sobre a estrutura de funcionamento e a seguran\u00e7a institucional dos \u00f3rg\u00e3os superiores de justi\u00e7a no pa\u00eds.<\/p>\n<p>Por Reda\u00e7\u00e3o Acontece<\/p>\n<p>Cr\u00e9ditos da imagem: Divulga\u00e7\u00e3o\/STF<\/p>\n","protected":false},"excerpt":{"rendered":"<p>O ministro Gilmar Mendes, integrante do Supremo Tribunal Federal (STF), protocolou neste s\u00e1bado uma proposta de emenda ao regimento interno da Corte. O objetivo principal da medida \u00e9 vedar a presen\u00e7a de delegados da Pol\u00edcia Federal e de oficiais militares em gabinetes de ministros do tribunal. H2 Nova proposta para a Corte H3 Mudan\u00e7as nos [&hellip;]<\/p>\n","protected":false},"author":0,"featured_media":36160,"comment_status":"open","ping_status":"open","sticky":false,"template":"","format":"standard","meta":{"footnotes":""},"categories":[28],"tags":[],"class_list":["post-36153","post","type-post","status-publish","format-standard","has-post-thumbnail","hentry","category-mundo"],"_links":{"self":[{"href":"https:\/\/acontecenafronteira.com.br\/index.php\/wp-json\/wp\/v2\/posts\/36153","targetHints":{"allow":["GET"]}}],"collection":[{"href":"https:\/\/acontecenafronteira.com.br\/index.php\/wp-json\/wp\/v2\/posts"}],"about":[{"href":"https:\/\/acontecenafronteira.com.br\/index.php\/wp-json\/wp\/v2\/types\/post"}],"replies":[{"embeddable":true,"href":"https:\/\/acontecenafronteira.com.br\/index.php\/wp-json\/wp\/v2\/comments?post=36153"}],"version-history":[{"count":1,"href":"https:\/\/acontecenafronteira.com.br\/index.php\/wp-json\/wp\/v2\/posts\/36153\/revisions"}],"predecessor-version":[{"id":36159,"href":"https:\/\/acontecenafronteira.com.br\/index.php\/wp-json\/wp\/v2\/posts\/36153\/revisions\/36159"}],"wp:featuredmedia":[{"embeddable":true,"href":"https:\/\/acontecenafronteira.com.br\/index.php\/wp-json\/wp\/v2\/media\/36160"}],"wp:attachment":[{"href":"https:\/\/acontecenafronteira.com.br\/index.php\/wp-json\/wp\/v2\/media?parent=36153"}],"wp:term":[{"taxonomy":"category","embeddable":true,"href":"https:\/\/acontecenafronteira.com.br\/index.php\/wp-json\/wp\/v2\/categories?post=36153"},{"taxonomy":"post_tag","embeddable":true,"href":"https:\/\/acontecenafronteira.com.br\/index.php\/wp-json\/wp\/v2\/tags?post=36153"}],"curies":[{"name":"wp","href":"https:\/\/api.w.org\/{rel}","templated":true}]}}