{"id":36152,"date":"2026-09-05T17:36:11","date_gmt":"2026-09-05T20:36:11","guid":{"rendered":"https:\/\/acontecenafronteira.com.br\/?p=36152"},"modified":"2026-09-05T17:36:11","modified_gmt":"2026-09-05T20:36:11","slug":"moraes-falta-a-desfile-e-parana-acompanha-crise-no-stf","status":"publish","type":"post","link":"https:\/\/acontecenafronteira.com.br\/index.php\/2026\/09\/05\/moraes-falta-a-desfile-e-parana-acompanha-crise-no-stf\/","title":{"rendered":"Moraes falta a desfile e Paran\u00e1 acompanha crise no STF"},"content":{"rendered":"<p>O ministro Alexandre de Moraes n\u00e3o deve comparecer \u00e0 tribuna de honra do presidente Luiz In\u00e1cio Lula da Silva durante o desfile de 7 de Setembro na Esplanada dos Minist\u00e9rios, em Bras\u00edlia. A aus\u00eancia ocorre em meio a um momento de tens\u00e3o nos bastidores da mais alta Corte do pa\u00eds, repercutindo fortemente entre lideran\u00e7as pol\u00edticas e cidad\u00e3os em todo o estado do Paran\u00e1.<\/p>\n<h2>Crise institucional no Supremo Tribunal Federal<\/h2>\n<p>A aus\u00eancia do magistrado \u00e9 atribu\u00edda a um embate recente dentro do tribunal, ap\u00f3s a divulga\u00e7\u00e3o de um relat\u00f3rio da Pol\u00edcia Federal envolvendo conversas entre um banqueiro e outro integrante da Corte. Em resposta, Moraes solicitou apura\u00e7\u00f5es, gerando um cen\u00e1rio de instabilidade que tem mobilizado a aten\u00e7\u00e3o jur\u00eddica e pol\u00edtica em territ\u00f3rio paranaense.<\/p>\n<p>Em 2024, o ministro havia comparecido \u00e0 solenidade ao lado de colegas de tribunal, mas a repeti\u00e7\u00e3o da aus\u00eancia registrada no ano anterior evidencia o distanciamento atual das formalidades pol\u00edticas. O Pal\u00e1cio do Planalto adota a tradi\u00e7\u00e3o de convidar todos os ministros para a cerim\u00f4nia oficial, embora a presen\u00e7a n\u00e3o seja obrigat\u00f3ria.<\/p>\n<h2>Foco do governo e seguran\u00e7a jur\u00eddica<\/h2>\n<p>Enquanto o cen\u00e1rio pol\u00edtico nacional se movimenta, o governo federal busca isolar o Poder Executivo das turbul\u00eancias judiciais. Recentemente, a gest\u00e3o federal cobrou publicamente a\u00e7\u00f5es en\u00e9rgicas de lideran\u00e7as do Judici\u00e1rio e da Procuradoria-Geral da Rep\u00fablica para garantir a transpar\u00eancia das investiga\u00e7\u00f5es em curso.<\/p>\n<p>Para a parada c\u00edvica deste ano, a organiza\u00e7\u00e3o preparou uma programa\u00e7\u00e3o de duas horas com \u00eanfase em pautas sociais, como o combate \u00e0 viol\u00eancia contra a mulher, campanhas de imuniza\u00e7\u00e3o e refer\u00eancias a eventos esportivos futuros sediados no pa\u00eds. A Advocacia-Geral da Uni\u00e3o monitora rigorosamente os preparativos para evitar contesta\u00e7\u00f5es eleitorais por parte da oposi\u00e7\u00e3o durante a cerim\u00f4nia oficial.<\/p>\n<p>Por Reda\u00e7\u00e3o Acontece<\/p>\n<p>Imagem: Ag\u00eancia Brasil \/ Divulga\u00e7\u00e3o<\/p>\n","protected":false},"excerpt":{"rendered":"<p>O ministro Alexandre de Moraes n\u00e3o deve comparecer \u00e0 tribuna de honra do presidente Luiz In\u00e1cio Lula da Silva durante o desfile de 7 de Setembro na Esplanada dos Minist\u00e9rios, em Bras\u00edlia. A aus\u00eancia ocorre em meio a um momento de tens\u00e3o nos bastidores da mais alta Corte do pa\u00eds, repercutindo fortemente entre lideran\u00e7as pol\u00edticas [&hellip;]<\/p>\n","protected":false},"author":0,"featured_media":36158,"comment_status":"open","ping_status":"open","sticky":false,"template":"","format":"standard","meta":{"footnotes":""},"categories":[28],"tags":[],"class_list":["post-36152","post","type-post","status-publish","format-standard","has-post-thumbnail","hentry","category-mundo"],"_links":{"self":[{"href":"https:\/\/acontecenafronteira.com.br\/index.php\/wp-json\/wp\/v2\/posts\/36152","targetHints":{"allow":["GET"]}}],"collection":[{"href":"https:\/\/acontecenafronteira.com.br\/index.php\/wp-json\/wp\/v2\/posts"}],"about":[{"href":"https:\/\/acontecenafronteira.com.br\/index.php\/wp-json\/wp\/v2\/types\/post"}],"replies":[{"embeddable":true,"href":"https:\/\/acontecenafronteira.com.br\/index.php\/wp-json\/wp\/v2\/comments?post=36152"}],"version-history":[{"count":1,"href":"https:\/\/acontecenafronteira.com.br\/index.php\/wp-json\/wp\/v2\/posts\/36152\/revisions"}],"predecessor-version":[{"id":36157,"href":"https:\/\/acontecenafronteira.com.br\/index.php\/wp-json\/wp\/v2\/posts\/36152\/revisions\/36157"}],"wp:featuredmedia":[{"embeddable":true,"href":"https:\/\/acontecenafronteira.com.br\/index.php\/wp-json\/wp\/v2\/media\/36158"}],"wp:attachment":[{"href":"https:\/\/acontecenafronteira.com.br\/index.php\/wp-json\/wp\/v2\/media?parent=36152"}],"wp:term":[{"taxonomy":"category","embeddable":true,"href":"https:\/\/acontecenafronteira.com.br\/index.php\/wp-json\/wp\/v2\/categories?post=36152"},{"taxonomy":"post_tag","embeddable":true,"href":"https:\/\/acontecenafronteira.com.br\/index.php\/wp-json\/wp\/v2\/tags?post=36152"}],"curies":[{"name":"wp","href":"https:\/\/api.w.org\/{rel}","templated":true}]}}