{"id":36140,"date":"2026-09-05T16:37:49","date_gmt":"2026-09-05T19:37:49","guid":{"rendered":"https:\/\/acontecenafronteira.com.br\/?p=36140"},"modified":"2026-09-05T16:37:49","modified_gmt":"2026-09-05T19:37:49","slug":"foz-do-iguacu-estilo-roqueiro-inspira-criatividade-e-liberdade","status":"publish","type":"post","link":"https:\/\/acontecenafronteira.com.br\/index.php\/2026\/09\/05\/foz-do-iguacu-estilo-roqueiro-inspira-criatividade-e-liberdade\/","title":{"rendered":"Foz do Igua\u00e7u: Estilo roqueiro inspira criatividade e liberdade"},"content":{"rendered":"<p>A criatividade tomou conta do p\u00fablico f\u00e3 de metal em grandes festivais, onde o tradicional preto ganha combina\u00e7\u00f5es ousadas com vermelho, rosa pink e tons prateados. O gramado dos eventos se transforma em uma verdadeira passarela para exibir pe\u00e7as marcantes como couro, renda, espartilhos, corsets e meias-arrast\u00e3o.<\/p>\n<h2>Liberdade no visual e atitude<\/h2>\n<p>A nutricionista Carolina Carvalho, de 27 anos e f\u00e3 da banda Bring Me The Horizon, escolheu um vestido esvoa\u00e7ante de renda com transpar\u00eancias. Mesmo com a chegada da chuva, a jovem garantiu que o frio n\u00e3o seria um problema devido \u00e0 energia dos shows. Sua produ\u00e7\u00e3o teve como inspira\u00e7\u00e3o a contracultura, complementada por unhas com correntes prateadas, cruzes e cora\u00e7\u00f5es em chamas.<\/p>\n<h2>Estilos variados e muita personalidade<\/h2>\n<p>Outro destaque foi a banc\u00e1ria D\u00e9bora Moreira, de 24 anos, que viajou exclusivamente para curtir a apresenta\u00e7\u00e3o do Avenged Sevenfold. Seu figurino apostou na pegada g\u00f3tica e sensual, combinando corset, transpar\u00eancia e hotpants, mostrando que a moda alternativa permite diversas interpreta\u00e7\u00f5es.<\/p>\n<h3>Toques de cor e ousadia<\/h3>\n<p>J\u00e1 a t\u00e9cnica de enfermagem Emanuelle Martins, de 22 anos, representou o estilo emo em sua estreia no festival. Com um visual predominantemente preto, ela inovou ao incluir meia-arrast\u00e3o, cinta-liga, uma meia rosa pink e uma mochila de pel\u00facia. Enquanto isso, a lojista mineira Isabela Martins optou por uma blusa de cetim com as costas \u00e0 mostra de \u00faltima hora para garantir conforto e estilo durante os shows.<\/p>\n<p>O evento refor\u00e7a como a moda alternativa e o rock continuam sendo plataformas poderosas de express\u00e3o pessoal, permitindo que f\u00e3s de diferentes regi\u00f5es expressem sua identidade com total liberdade e autenticidade.<\/p>\n<p>Por Reda\u00e7\u00e3o Acontece<\/p>\n<p>Foto: Thayn\u00e1 Rodrigues \/ Divulga\u00e7\u00e3o<\/p>\n","protected":false},"excerpt":{"rendered":"<p>A criatividade tomou conta do p\u00fablico f\u00e3 de metal em grandes festivais, onde o tradicional preto ganha combina\u00e7\u00f5es ousadas com vermelho, rosa pink e tons prateados. O gramado dos eventos se transforma em uma verdadeira passarela para exibir pe\u00e7as marcantes como couro, renda, espartilhos, corsets e meias-arrast\u00e3o. Liberdade no visual e atitude A nutricionista Carolina [&hellip;]<\/p>\n","protected":false},"author":0,"featured_media":36149,"comment_status":"open","ping_status":"open","sticky":false,"template":"","format":"standard","meta":{"footnotes":""},"categories":[28],"tags":[],"class_list":["post-36140","post","type-post","status-publish","format-standard","has-post-thumbnail","hentry","category-mundo"],"_links":{"self":[{"href":"https:\/\/acontecenafronteira.com.br\/index.php\/wp-json\/wp\/v2\/posts\/36140","targetHints":{"allow":["GET"]}}],"collection":[{"href":"https:\/\/acontecenafronteira.com.br\/index.php\/wp-json\/wp\/v2\/posts"}],"about":[{"href":"https:\/\/acontecenafronteira.com.br\/index.php\/wp-json\/wp\/v2\/types\/post"}],"replies":[{"embeddable":true,"href":"https:\/\/acontecenafronteira.com.br\/index.php\/wp-json\/wp\/v2\/comments?post=36140"}],"version-history":[{"count":1,"href":"https:\/\/acontecenafronteira.com.br\/index.php\/wp-json\/wp\/v2\/posts\/36140\/revisions"}],"predecessor-version":[{"id":36148,"href":"https:\/\/acontecenafronteira.com.br\/index.php\/wp-json\/wp\/v2\/posts\/36140\/revisions\/36148"}],"wp:featuredmedia":[{"embeddable":true,"href":"https:\/\/acontecenafronteira.com.br\/index.php\/wp-json\/wp\/v2\/media\/36149"}],"wp:attachment":[{"href":"https:\/\/acontecenafronteira.com.br\/index.php\/wp-json\/wp\/v2\/media?parent=36140"}],"wp:term":[{"taxonomy":"category","embeddable":true,"href":"https:\/\/acontecenafronteira.com.br\/index.php\/wp-json\/wp\/v2\/categories?post=36140"},{"taxonomy":"post_tag","embeddable":true,"href":"https:\/\/acontecenafronteira.com.br\/index.php\/wp-json\/wp\/v2\/tags?post=36140"}],"curies":[{"name":"wp","href":"https:\/\/api.w.org\/{rel}","templated":true}]}}