{"id":36139,"date":"2026-09-05T16:37:42","date_gmt":"2026-09-05T19:37:42","guid":{"rendered":"https:\/\/acontecenafronteira.com.br\/?p=36139"},"modified":"2026-09-05T16:37:42","modified_gmt":"2026-09-05T19:37:42","slug":"pf-pede-afastamento-de-gonet-em-investigacao-no-stf","status":"publish","type":"post","link":"https:\/\/acontecenafronteira.com.br\/index.php\/2026\/09\/05\/pf-pede-afastamento-de-gonet-em-investigacao-no-stf\/","title":{"rendered":"PF pede afastamento de Gonet em investiga\u00e7\u00e3o no STF"},"content":{"rendered":"<p>Delegados da Pol\u00edcia Federal reagiram oficialmente e protocolaram um pedido para que o procurador-geral da Rep\u00fablica, Paulo Gonet, seja declarado impedido de atuar em uma investiga\u00e7\u00e3o em curso no Supremo Tribunal Federal.<\/p>\n<h2>Apura\u00e7\u00e3o de interfer\u00eancia externa<\/h2>\n<p>A movimenta\u00e7\u00e3o da corpora\u00e7\u00e3o ocorre ap\u00f3s Gonet informar ao ministro Edson Fachin, presidente da Corte, a abertura de uma sindic\u00e2ncia interna. O objetivo \u00e9 examinar a suposta ocorr\u00eancia de ordens ou interfer\u00eancias externas na confec\u00e7\u00e3o de um relat\u00f3rio policial recente.<\/p>\n<p>O documento em quest\u00e3o exp\u00f4s conex\u00f5es entre o ministro Alexandre de Moraes e o empres\u00e1rio Daniel Vorcaro, al\u00e9m de mencionar nominalmente o pr\u00f3prio chefe da PGR e o diretor-geral da institui\u00e7\u00e3o, Andrei Rodrigues.<\/p>\n<h2>Rea\u00e7\u00e3o institucional e desdobramentos<\/h2>\n<p>Diante do envolvimento direto do procurador-geral no escopo do documento questionado, os representantes da categoria sustentam que h\u00e1 conflito de interesses na condu\u00e7\u00e3o das averigua\u00e7\u00f5es.<\/p>\n<p>A c\u00fapula da seguran\u00e7a p\u00fablica segue monitorando os desdobramentos do caso no \u00e2mbito do STF, enquanto os bastidores jur\u00eddicos em Bras\u00edlia registram forte tens\u00e3o entre os \u00f3rg\u00e3os envolvidos na controv\u00e9rsia.<\/p>\n<p>O epis\u00f3dio adiciona um novo cap\u00edtulo de atrito institucional entre os investigadores e a Procuradoria-Geral da Rep\u00fablica, com impactos diretos sobre a estabilidade das corpora\u00e7\u00f5es envolvidas.<\/p>\n<p>Por Reda\u00e7\u00e3o Acontece<\/p>\n<p>Cr\u00e9ditos da imagem: Divulga\u00e7\u00e3o \/ Ag\u00eancia Brasil<\/p>\n","protected":false},"excerpt":{"rendered":"<p>Delegados da Pol\u00edcia Federal reagiram oficialmente e protocolaram um pedido para que o procurador-geral da Rep\u00fablica, Paulo Gonet, seja declarado impedido de atuar em uma investiga\u00e7\u00e3o em curso no Supremo Tribunal Federal. Apura\u00e7\u00e3o de interfer\u00eancia externa A movimenta\u00e7\u00e3o da corpora\u00e7\u00e3o ocorre ap\u00f3s Gonet informar ao ministro Edson Fachin, presidente da Corte, a abertura de uma [&hellip;]<\/p>\n","protected":false},"author":0,"featured_media":36147,"comment_status":"open","ping_status":"open","sticky":false,"template":"","format":"standard","meta":{"footnotes":""},"categories":[28],"tags":[],"class_list":["post-36139","post","type-post","status-publish","format-standard","has-post-thumbnail","hentry","category-mundo"],"_links":{"self":[{"href":"https:\/\/acontecenafronteira.com.br\/index.php\/wp-json\/wp\/v2\/posts\/36139","targetHints":{"allow":["GET"]}}],"collection":[{"href":"https:\/\/acontecenafronteira.com.br\/index.php\/wp-json\/wp\/v2\/posts"}],"about":[{"href":"https:\/\/acontecenafronteira.com.br\/index.php\/wp-json\/wp\/v2\/types\/post"}],"replies":[{"embeddable":true,"href":"https:\/\/acontecenafronteira.com.br\/index.php\/wp-json\/wp\/v2\/comments?post=36139"}],"version-history":[{"count":1,"href":"https:\/\/acontecenafronteira.com.br\/index.php\/wp-json\/wp\/v2\/posts\/36139\/revisions"}],"predecessor-version":[{"id":36146,"href":"https:\/\/acontecenafronteira.com.br\/index.php\/wp-json\/wp\/v2\/posts\/36139\/revisions\/36146"}],"wp:featuredmedia":[{"embeddable":true,"href":"https:\/\/acontecenafronteira.com.br\/index.php\/wp-json\/wp\/v2\/media\/36147"}],"wp:attachment":[{"href":"https:\/\/acontecenafronteira.com.br\/index.php\/wp-json\/wp\/v2\/media?parent=36139"}],"wp:term":[{"taxonomy":"category","embeddable":true,"href":"https:\/\/acontecenafronteira.com.br\/index.php\/wp-json\/wp\/v2\/categories?post=36139"},{"taxonomy":"post_tag","embeddable":true,"href":"https:\/\/acontecenafronteira.com.br\/index.php\/wp-json\/wp\/v2\/tags?post=36139"}],"curies":[{"name":"wp","href":"https:\/\/api.w.org\/{rel}","templated":true}]}}