{"id":36137,"date":"2026-09-05T16:37:02","date_gmt":"2026-09-05T19:37:02","guid":{"rendered":"https:\/\/acontecenafronteira.com.br\/?p=36137"},"modified":"2026-09-05T16:37:02","modified_gmt":"2026-09-05T19:37:02","slug":"flavio-bolsonaro-visita-filipe-martins-em-presidio-no-parana","status":"publish","type":"post","link":"https:\/\/acontecenafronteira.com.br\/index.php\/2026\/09\/05\/flavio-bolsonaro-visita-filipe-martins-em-presidio-no-parana\/","title":{"rendered":"Fl\u00e1vio Bolsonaro visita Filipe Martins em pres\u00eddio no Paran\u00e1"},"content":{"rendered":"<p>O senador Fl\u00e1vio Bolsonaro (PL-RJ) suspendeu temporariamente suas atividades de campanha neste s\u00e1bado para realizar uma visita ao ex-assessor presidencial Filipe Martins. O encontro ocorreu em uma unidade prisional localizada no interior paranaense, mais precisamente no munic\u00edpio de Ponta Grossa.<\/p>\n<h2>Autoriza\u00e7\u00e3o do STF e detalhes do encontro<\/h2>\n<p>\nA movimenta\u00e7\u00e3o foi expressamente liberada pelo ministro Alexandre de Moraes, do Supremo Tribunal Federal (STF), magistrado que conduz a a\u00e7\u00e3o penal na qual o ex-auxiliar recebeu condena\u00e7\u00e3o de 21 anos de reclus\u00e3o. Com dura\u00e7\u00e3o de uma hora e meia, a reuni\u00e3o aconteceu entre 13h e 14h30, sendo esta a \u00fanica atividade p\u00fablica registrada na agenda do parlamentar carioca durante o final de semana.<\/p>\n<h2>Apoiadores e pol\u00edticos paranaenses no local<\/h2>\n<p>\nAp\u00f3s deixar o estabelecimento prisional, o senador interagiu com simpatizantes que aguardavam no exterior. Na ocasi\u00e3o, Fl\u00e1vio Bolsonaro esteve acompanhado por lideran\u00e7as pol\u00edticas locais, incluindo o senador Sergio Moro (PL-PR) e o deputado federal Filipe Barros (PL-PR). A retomada dos compromissos de campanha do filho do ex-presidente est\u00e1 agendada para a pr\u00f3xima segunda-feira, data em que se comemora o 7 de setembro.<\/p>\n<h2>Motivos da deten\u00e7\u00e3o em Ponta Grossa<\/h2>\n<p>\nFilipe Martins permanece detido na cidade paranaense desde o m\u00eas de janeiro. Inicialmente, o STF havia concedido o benef\u00edcio da pris\u00e3o domiciliar, por\u00e9m a medida foi revogada ap\u00f3s o magistrado apontar descumprimento das cautelares devido a um acesso registrado na rede social LinkedIn. Embora a defesa tenha sustentado que a navega\u00e7\u00e3o na plataforma foi realizada pelos advogados sem qualquer postagem, a justificativa acabou rejeitada pela Suprema Corte.<\/p>\n<p>O ex-assessor foi sentenciado pela Primeira Turma do STF sob a acusa\u00e7\u00e3o de redigir a minuta de um decreto com propostas para anular o pleito presidencial de 2022, texto que teria sido exibido por Jair Bolsonaro aos chefes das For\u00e7as Armadas.<\/p>\n<p>Por Reda\u00e7\u00e3o Acontece<\/p>\n<p>Imagem: Divulga\u00e7\u00e3o\/Ag\u00eancia Brasil<\/p>\n","protected":false},"excerpt":{"rendered":"<p>O senador Fl\u00e1vio Bolsonaro (PL-RJ) suspendeu temporariamente suas atividades de campanha neste s\u00e1bado para realizar uma visita ao ex-assessor presidencial Filipe Martins. O encontro ocorreu em uma unidade prisional localizada no interior paranaense, mais precisamente no munic\u00edpio de Ponta Grossa. Autoriza\u00e7\u00e3o do STF e detalhes do encontro A movimenta\u00e7\u00e3o foi expressamente liberada pelo ministro Alexandre [&hellip;]<\/p>\n","protected":false},"author":0,"featured_media":36143,"comment_status":"open","ping_status":"open","sticky":false,"template":"","format":"standard","meta":{"footnotes":""},"categories":[28],"tags":[],"class_list":["post-36137","post","type-post","status-publish","format-standard","has-post-thumbnail","hentry","category-mundo"],"_links":{"self":[{"href":"https:\/\/acontecenafronteira.com.br\/index.php\/wp-json\/wp\/v2\/posts\/36137","targetHints":{"allow":["GET"]}}],"collection":[{"href":"https:\/\/acontecenafronteira.com.br\/index.php\/wp-json\/wp\/v2\/posts"}],"about":[{"href":"https:\/\/acontecenafronteira.com.br\/index.php\/wp-json\/wp\/v2\/types\/post"}],"replies":[{"embeddable":true,"href":"https:\/\/acontecenafronteira.com.br\/index.php\/wp-json\/wp\/v2\/comments?post=36137"}],"version-history":[{"count":1,"href":"https:\/\/acontecenafronteira.com.br\/index.php\/wp-json\/wp\/v2\/posts\/36137\/revisions"}],"predecessor-version":[{"id":36142,"href":"https:\/\/acontecenafronteira.com.br\/index.php\/wp-json\/wp\/v2\/posts\/36137\/revisions\/36142"}],"wp:featuredmedia":[{"embeddable":true,"href":"https:\/\/acontecenafronteira.com.br\/index.php\/wp-json\/wp\/v2\/media\/36143"}],"wp:attachment":[{"href":"https:\/\/acontecenafronteira.com.br\/index.php\/wp-json\/wp\/v2\/media?parent=36137"}],"wp:term":[{"taxonomy":"category","embeddable":true,"href":"https:\/\/acontecenafronteira.com.br\/index.php\/wp-json\/wp\/v2\/categories?post=36137"},{"taxonomy":"post_tag","embeddable":true,"href":"https:\/\/acontecenafronteira.com.br\/index.php\/wp-json\/wp\/v2\/tags?post=36137"}],"curies":[{"name":"wp","href":"https:\/\/api.w.org\/{rel}","templated":true}]}}