{"id":36130,"date":"2026-09-05T16:36:56","date_gmt":"2026-09-05T19:36:56","guid":{"rendered":"https:\/\/acontecenafronteira.com.br\/?p=36130"},"modified":"2026-09-05T16:36:56","modified_gmt":"2026-09-05T19:36:56","slug":"virginia-fonseca-revela-recusa-de-anitta-em-grande-rio","status":"publish","type":"post","link":"https:\/\/acontecenafronteira.com.br\/index.php\/2026\/09\/05\/virginia-fonseca-revela-recusa-de-anitta-em-grande-rio\/","title":{"rendered":"Virginia Fonseca revela recusa de Anitta em Grande Rio"},"content":{"rendered":"<p>A influenciadora digital Virginia Fonseca revelou recentemente um epis\u00f3dio curioso envolvendo os bastidores da escola de samba Acad\u00eamicos do Grande Rio. Segundo seu relato, a cantora Anitta optou por n\u00e3o participar da tradicional cerim\u00f4nia de passagem de coroa entre as duas na agremia\u00e7\u00e3o carioca, onde Virginia ocupava o posto de rainha de bateria.<\/p>\n<h2>Bastidores da Escola de Samba<\/h2>\n<p>A decis\u00e3o gerou diversos coment\u00e1rios entre os seguidores e f\u00e3s de ambas as celebridades nas redes sociais. A troca de postos em escolas de samba costuma atrair muita aten\u00e7\u00e3o da m\u00eddia e do p\u00fablico, tornando momentos como esse bastante esperados pelo meio art\u00edstico.<\/p>\n<h2>A Rela\u00e7\u00e3o entre as Famosas<\/h2>\n<p>Apesar da negativa em rela\u00e7\u00e3o ao ritual p\u00fablico de transi\u00e7\u00e3o, o epis\u00f3dio foi tratado com naturalidade nos bastidores, embora tenha surpreendido parte dos admiradores que aguardavam o momento simb\u00f3lico entre as duas figuras p\u00fablicas de grande proje\u00e7\u00e3o nacional.<\/p>\n<p>A repercuss\u00e3o do caso demonstra a for\u00e7a que o universo do carnaval possui na m\u00eddia brasileira, mantendo o p\u00fablico atento a cada detalhe e movimenta\u00e7\u00e3o das personalidades que passam pelas principais agremia\u00e7\u00f5es do pa\u00eds.<\/p>\n<p>Por Reda\u00e7\u00e3o Acontece<\/p>\n<p>Cr\u00e9ditos da imagem: Reprodu\u00e7\u00e3o \/ Redes Sociais<\/p>\n","protected":false},"excerpt":{"rendered":"<p>A influenciadora digital Virginia Fonseca revelou recentemente um epis\u00f3dio curioso envolvendo os bastidores da escola de samba Acad\u00eamicos do Grande Rio. Segundo seu relato, a cantora Anitta optou por n\u00e3o participar da tradicional cerim\u00f4nia de passagem de coroa entre as duas na agremia\u00e7\u00e3o carioca, onde Virginia ocupava o posto de rainha de bateria. Bastidores da [&hellip;]<\/p>\n","protected":false},"author":0,"featured_media":36136,"comment_status":"open","ping_status":"open","sticky":false,"template":"","format":"standard","meta":{"footnotes":""},"categories":[18],"tags":[],"class_list":["post-36130","post","type-post","status-publish","format-standard","has-post-thumbnail","hentry","category-parana"],"_links":{"self":[{"href":"https:\/\/acontecenafronteira.com.br\/index.php\/wp-json\/wp\/v2\/posts\/36130","targetHints":{"allow":["GET"]}}],"collection":[{"href":"https:\/\/acontecenafronteira.com.br\/index.php\/wp-json\/wp\/v2\/posts"}],"about":[{"href":"https:\/\/acontecenafronteira.com.br\/index.php\/wp-json\/wp\/v2\/types\/post"}],"replies":[{"embeddable":true,"href":"https:\/\/acontecenafronteira.com.br\/index.php\/wp-json\/wp\/v2\/comments?post=36130"}],"version-history":[{"count":1,"href":"https:\/\/acontecenafronteira.com.br\/index.php\/wp-json\/wp\/v2\/posts\/36130\/revisions"}],"predecessor-version":[{"id":36135,"href":"https:\/\/acontecenafronteira.com.br\/index.php\/wp-json\/wp\/v2\/posts\/36130\/revisions\/36135"}],"wp:featuredmedia":[{"embeddable":true,"href":"https:\/\/acontecenafronteira.com.br\/index.php\/wp-json\/wp\/v2\/media\/36136"}],"wp:attachment":[{"href":"https:\/\/acontecenafronteira.com.br\/index.php\/wp-json\/wp\/v2\/media?parent=36130"}],"wp:term":[{"taxonomy":"category","embeddable":true,"href":"https:\/\/acontecenafronteira.com.br\/index.php\/wp-json\/wp\/v2\/categories?post=36130"},{"taxonomy":"post_tag","embeddable":true,"href":"https:\/\/acontecenafronteira.com.br\/index.php\/wp-json\/wp\/v2\/tags?post=36130"}],"curies":[{"name":"wp","href":"https:\/\/api.w.org\/{rel}","templated":true}]}}