{"id":36128,"date":"2026-09-05T16:36:31","date_gmt":"2026-09-05T19:36:31","guid":{"rendered":"https:\/\/acontecenafronteira.com.br\/?p=36128"},"modified":"2026-09-05T16:36:31","modified_gmt":"2026-09-05T19:36:31","slug":"eleicoes-no-parana-mais-de-50-indecisos-na-espontanea","status":"publish","type":"post","link":"https:\/\/acontecenafronteira.com.br\/index.php\/2026\/09\/05\/eleicoes-no-parana-mais-de-50-indecisos-na-espontanea\/","title":{"rendered":"Elei\u00e7\u00f5es no Paran\u00e1: mais de 50% indecisos na espont\u00e2nea"},"content":{"rendered":"<p>Mais da metade dos eleitores paranaenses ainda n\u00e3o definiu em quem vai votar para o Governo do Estado, segundo dados de levantamentos divulgados em setembro por institutos de pesquisa.<\/p>\n<h2>Cen\u00e1rio de indefini\u00e7\u00e3o no estado<\/h2>\n<p>O levantamento aponta que a parcela da popula\u00e7\u00e3o sem nenhuma escolha consolidada na modalidade espont\u00e2nea ultrapassa a marca de 50%. Esse comportamento do eleitorado demonstra que grande parte da sociedade ainda n\u00e3o come\u00e7ou a acompanhar de perto a corrida ao Pal\u00e1cio Igua\u00e7u.<\/p>\n<h3>Fatores que explicam a apatia eleitoral<\/h3>\n<p>Especialistas em ci\u00eancia pol\u00edtica avaliam que a falta de engajamento neste momento ocorre devido ao per\u00edodo que antecede a intensifica\u00e7\u00e3o da campanha oficial e dos debates televisionados, quando os nomes dos concorrentes ganham maior visibilidade popular.<\/p>\n<p>A expectativa dos partidos pol\u00edticos \u00e9 de que esse quadro mude drasticamente nas pr\u00f3ximas semanas, conforme a propaganda eleitoral gratuita avance e as chapas oficializadas intensifiquem as agendas de campanha nos munic\u00edpios do interior e da capital.<\/p>\n<p>O cen\u00e1rio atual serve como term\u00f4metro para as equipes de marketing pol\u00edtico, que enxergam na massa de indecisos o principal campo de disputa para definir o futuro governador paranaense no pr\u00f3ximo pleito.<\/p>\n<p>Por Reda\u00e7\u00e3o Acontece<\/p>\n<p>Cr\u00e9ditos da imagem: Divulga\u00e7\u00e3o \/ Arquivo<\/p>\n","protected":false},"excerpt":{"rendered":"<p>Mais da metade dos eleitores paranaenses ainda n\u00e3o definiu em quem vai votar para o Governo do Estado, segundo dados de levantamentos divulgados em setembro por institutos de pesquisa. Cen\u00e1rio de indefini\u00e7\u00e3o no estado O levantamento aponta que a parcela da popula\u00e7\u00e3o sem nenhuma escolha consolidada na modalidade espont\u00e2nea ultrapassa a marca de 50%. Esse [&hellip;]<\/p>\n","protected":false},"author":0,"featured_media":36132,"comment_status":"open","ping_status":"open","sticky":false,"template":"","format":"standard","meta":{"footnotes":""},"categories":[18],"tags":[],"class_list":["post-36128","post","type-post","status-publish","format-standard","has-post-thumbnail","hentry","category-parana"],"_links":{"self":[{"href":"https:\/\/acontecenafronteira.com.br\/index.php\/wp-json\/wp\/v2\/posts\/36128","targetHints":{"allow":["GET"]}}],"collection":[{"href":"https:\/\/acontecenafronteira.com.br\/index.php\/wp-json\/wp\/v2\/posts"}],"about":[{"href":"https:\/\/acontecenafronteira.com.br\/index.php\/wp-json\/wp\/v2\/types\/post"}],"replies":[{"embeddable":true,"href":"https:\/\/acontecenafronteira.com.br\/index.php\/wp-json\/wp\/v2\/comments?post=36128"}],"version-history":[{"count":1,"href":"https:\/\/acontecenafronteira.com.br\/index.php\/wp-json\/wp\/v2\/posts\/36128\/revisions"}],"predecessor-version":[{"id":36131,"href":"https:\/\/acontecenafronteira.com.br\/index.php\/wp-json\/wp\/v2\/posts\/36128\/revisions\/36131"}],"wp:featuredmedia":[{"embeddable":true,"href":"https:\/\/acontecenafronteira.com.br\/index.php\/wp-json\/wp\/v2\/media\/36132"}],"wp:attachment":[{"href":"https:\/\/acontecenafronteira.com.br\/index.php\/wp-json\/wp\/v2\/media?parent=36128"}],"wp:term":[{"taxonomy":"category","embeddable":true,"href":"https:\/\/acontecenafronteira.com.br\/index.php\/wp-json\/wp\/v2\/categories?post=36128"},{"taxonomy":"post_tag","embeddable":true,"href":"https:\/\/acontecenafronteira.com.br\/index.php\/wp-json\/wp\/v2\/tags?post=36128"}],"curies":[{"name":"wp","href":"https:\/\/api.w.org\/{rel}","templated":true}]}}