{"id":36114,"date":"2026-09-05T15:37:02","date_gmt":"2026-09-05T18:37:02","guid":{"rendered":"https:\/\/acontecenafronteira.com.br\/?p=36114"},"modified":"2026-09-05T15:37:02","modified_gmt":"2026-09-05T18:37:02","slug":"foz-do-iguacu-na-rota-do-futebol-internacional-giro-global","status":"publish","type":"post","link":"https:\/\/acontecenafronteira.com.br\/index.php\/2026\/09\/05\/foz-do-iguacu-na-rota-do-futebol-internacional-giro-global\/","title":{"rendered":"Foz do Igua\u00e7u na rota do futebol internacional: giro global"},"content":{"rendered":"<p>A paix\u00e3o pelo futebol internacional movimenta os torcedores paranaenses, especialmente em <strong>Foz do Igua\u00e7u<\/strong>, onde as grandes partidas europeias atraem a aten\u00e7\u00e3o de quem acompanha o esporte em n\u00edvel global.<\/p>\n<h2>Destaques do Futebol Europeu<\/h2>\n<p>A terceira rodada do Campeonato Italiano proporcionou um confronto emocionante no Est\u00e1dio San Siro, terminando com a vit\u00f3ria da Inter de Mil\u00e3o sobre o Napoli por 3 a 2, ap\u00f3s uma virada espetacular nos acr\u00e9scimos com gols decisivos de Lautaro Mart\u00ednez e Marcus Thuram.<\/p>\n<h2>Sequ\u00eancia na Champions League<\/h2>\n<p>Com o resultado, a equipe de Mil\u00e3o manteve o 100% de aproveitamento na competi\u00e7\u00e3o nacional, enquanto o clube napolitano acumulou seu segundo rev\u00e9s consecutivo, mantendo o equil\u00edbrio hist\u00f3rico entre os gigantes da Serie A italiana.<\/p>\n<p>Ambos os times agora voltam suas aten\u00e7\u00f5es para a estreia na fase de grupos da Liga dos Campe\u00f5es, com compromissos marcados contra tradicionais equipes do continente no meio de semana.<\/p>\n<p>O cen\u00e1rio competitivo internacional segue gerando grande expectativa entre os f\u00e3s de futebol que acompanham o calend\u00e1rio europeu diretamente do interior do Paran\u00e1.<\/p>\n<p>Por Reda\u00e7\u00e3o Acontece<\/p>\n<p>Cr\u00e9ditos da imagem: Divulga\u00e7\u00e3o\/Lega Serie A<\/p>\n","protected":false},"excerpt":{"rendered":"<p>A paix\u00e3o pelo futebol internacional movimenta os torcedores paranaenses, especialmente em Foz do Igua\u00e7u, onde as grandes partidas europeias atraem a aten\u00e7\u00e3o de quem acompanha o esporte em n\u00edvel global. Destaques do Futebol Europeu A terceira rodada do Campeonato Italiano proporcionou um confronto emocionante no Est\u00e1dio San Siro, terminando com a vit\u00f3ria da Inter de [&hellip;]<\/p>\n","protected":false},"author":0,"featured_media":36124,"comment_status":"open","ping_status":"open","sticky":false,"template":"","format":"standard","meta":{"footnotes":""},"categories":[6],"tags":[],"class_list":["post-36114","post","type-post","status-publish","format-standard","has-post-thumbnail","hentry","category-mercosul"],"_links":{"self":[{"href":"https:\/\/acontecenafronteira.com.br\/index.php\/wp-json\/wp\/v2\/posts\/36114","targetHints":{"allow":["GET"]}}],"collection":[{"href":"https:\/\/acontecenafronteira.com.br\/index.php\/wp-json\/wp\/v2\/posts"}],"about":[{"href":"https:\/\/acontecenafronteira.com.br\/index.php\/wp-json\/wp\/v2\/types\/post"}],"replies":[{"embeddable":true,"href":"https:\/\/acontecenafronteira.com.br\/index.php\/wp-json\/wp\/v2\/comments?post=36114"}],"version-history":[{"count":1,"href":"https:\/\/acontecenafronteira.com.br\/index.php\/wp-json\/wp\/v2\/posts\/36114\/revisions"}],"predecessor-version":[{"id":36123,"href":"https:\/\/acontecenafronteira.com.br\/index.php\/wp-json\/wp\/v2\/posts\/36114\/revisions\/36123"}],"wp:featuredmedia":[{"embeddable":true,"href":"https:\/\/acontecenafronteira.com.br\/index.php\/wp-json\/wp\/v2\/media\/36124"}],"wp:attachment":[{"href":"https:\/\/acontecenafronteira.com.br\/index.php\/wp-json\/wp\/v2\/media?parent=36114"}],"wp:term":[{"taxonomy":"category","embeddable":true,"href":"https:\/\/acontecenafronteira.com.br\/index.php\/wp-json\/wp\/v2\/categories?post=36114"},{"taxonomy":"post_tag","embeddable":true,"href":"https:\/\/acontecenafronteira.com.br\/index.php\/wp-json\/wp\/v2\/tags?post=36114"}],"curies":[{"name":"wp","href":"https:\/\/api.w.org\/{rel}","templated":true}]}}