{"id":36113,"date":"2026-09-05T15:36:58","date_gmt":"2026-09-05T18:36:58","guid":{"rendered":"https:\/\/acontecenafronteira.com.br\/?p=36113"},"modified":"2026-09-05T15:36:58","modified_gmt":"2026-09-05T18:36:58","slug":"zanin-pede-punicao-apos-vazamento-de-sigilo-fiscal-no-parana","status":"publish","type":"post","link":"https:\/\/acontecenafronteira.com.br\/index.php\/2026\/09\/05\/zanin-pede-punicao-apos-vazamento-de-sigilo-fiscal-no-parana\/","title":{"rendered":"Zanin pede puni\u00e7\u00e3o ap\u00f3s vazamento de sigilo fiscal no Paran\u00e1"},"content":{"rendered":"<p>O ministro Cristiano Zanin, integrante do Supremo Tribunal Federal (STF), acionou formalmente o Tribunal Regional Eleitoral do Paran\u00e1 (TRE-PR) para exigir o fim da exposi\u00e7\u00e3o de seus dados fiscais sigilosos. As informa\u00e7\u00f5es reservadas foram expostas publicamente por meio do registro de candidatura de Deltan Dallagnol (Novo) no estado.<\/p>\n<h2>Cobran\u00e7a por responsabiliza\u00e7\u00e3o<\/h2>\n<p>No of\u00edcio enviado ao presidente da corte eleitoral paranaense, desembargador Luciano Carrasco Falavinha Souza, o magistrado solicitou provid\u00eancias imediatas para cessar a irregularidade. Al\u00e9m disso, o representante da Suprema Corte pediu a apura\u00e7\u00e3o de responsabilidades, incluindo a possibilidade de desdobramentos na esfera criminal para os envolvidos no vazamento de informa\u00e7\u00f5es protegidas.<\/p>\n<h2>Origem do vazamento no TRE-PR<\/h2>\n<p>O caso veio \u00e0 tona ap\u00f3s a divulga\u00e7\u00e3o de que o ex-procurador anexou documentos banc\u00e1rios e fiscais de Zanin, de seus familiares e de seu antigo escrit\u00f3rio de advocacia \u00e0 sua defesa eleitoral. Os pap\u00e9is integravam procedimentos do Conselho Nacional do Minist\u00e9rio P\u00fablico (CNMP) e continham relat\u00f3rios da Receita Federal originalmente obtidos pela Opera\u00e7\u00e3o Lava Jato.<\/p>\n<h2>Medidas tardias e defesa<\/h2>\n<p>Somente ap\u00f3s a repercuss\u00e3o p\u00fablica do caso, a relatora Vanessa Jamus Marchi determinou que os arquivos fossem classificados sob sigilo de Justi\u00e7a com urg\u00eancia. Em nota oficial, a defesa do candidato sustentou que a apresenta\u00e7\u00e3o integral dos documentos ocorreu de forma transparente, visando comprovar a elegibilidade, e negou qualquer inten\u00e7\u00e3o de expor dados reservados do atual ministro.<\/p>\n<p>O imbr\u00f3glio jur\u00eddico movimentou os bastidores da pol\u00edtica paranaense, colocando em evid\u00eancia o choque entre o direito de defesa em disputas eleitorais e a prote\u00e7\u00e3o constitucional ao sigilo fiscal e banc\u00e1rio de cidad\u00e3os e autoridades p\u00fablicas.<\/p>\n<p>Por Reda\u00e7\u00e3o Acontece<\/p>\n<p>Foto: Divulga\u00e7\u00e3o\/STF<\/p>\n","protected":false},"excerpt":{"rendered":"<p>O ministro Cristiano Zanin, integrante do Supremo Tribunal Federal (STF), acionou formalmente o Tribunal Regional Eleitoral do Paran\u00e1 (TRE-PR) para exigir o fim da exposi\u00e7\u00e3o de seus dados fiscais sigilosos. As informa\u00e7\u00f5es reservadas foram expostas publicamente por meio do registro de candidatura de Deltan Dallagnol (Novo) no estado. Cobran\u00e7a por responsabiliza\u00e7\u00e3o No of\u00edcio enviado ao [&hellip;]<\/p>\n","protected":false},"author":0,"featured_media":36122,"comment_status":"open","ping_status":"open","sticky":false,"template":"","format":"standard","meta":{"footnotes":""},"categories":[6],"tags":[],"class_list":["post-36113","post","type-post","status-publish","format-standard","has-post-thumbnail","hentry","category-mercosul"],"_links":{"self":[{"href":"https:\/\/acontecenafronteira.com.br\/index.php\/wp-json\/wp\/v2\/posts\/36113","targetHints":{"allow":["GET"]}}],"collection":[{"href":"https:\/\/acontecenafronteira.com.br\/index.php\/wp-json\/wp\/v2\/posts"}],"about":[{"href":"https:\/\/acontecenafronteira.com.br\/index.php\/wp-json\/wp\/v2\/types\/post"}],"replies":[{"embeddable":true,"href":"https:\/\/acontecenafronteira.com.br\/index.php\/wp-json\/wp\/v2\/comments?post=36113"}],"version-history":[{"count":1,"href":"https:\/\/acontecenafronteira.com.br\/index.php\/wp-json\/wp\/v2\/posts\/36113\/revisions"}],"predecessor-version":[{"id":36121,"href":"https:\/\/acontecenafronteira.com.br\/index.php\/wp-json\/wp\/v2\/posts\/36113\/revisions\/36121"}],"wp:featuredmedia":[{"embeddable":true,"href":"https:\/\/acontecenafronteira.com.br\/index.php\/wp-json\/wp\/v2\/media\/36122"}],"wp:attachment":[{"href":"https:\/\/acontecenafronteira.com.br\/index.php\/wp-json\/wp\/v2\/media?parent=36113"}],"wp:term":[{"taxonomy":"category","embeddable":true,"href":"https:\/\/acontecenafronteira.com.br\/index.php\/wp-json\/wp\/v2\/categories?post=36113"},{"taxonomy":"post_tag","embeddable":true,"href":"https:\/\/acontecenafronteira.com.br\/index.php\/wp-json\/wp\/v2\/tags?post=36113"}],"curies":[{"name":"wp","href":"https:\/\/api.w.org\/{rel}","templated":true}]}}