{"id":36112,"date":"2026-09-05T15:36:54","date_gmt":"2026-09-05T18:36:54","guid":{"rendered":"https:\/\/acontecenafronteira.com.br\/?p=36112"},"modified":"2026-09-05T15:36:54","modified_gmt":"2026-09-05T18:36:54","slug":"joanna-de-assis-abre-o-jogo-sobre-demissao-da-globo","status":"publish","type":"post","link":"https:\/\/acontecenafronteira.com.br\/index.php\/2026\/09\/05\/joanna-de-assis-abre-o-jogo-sobre-demissao-da-globo\/","title":{"rendered":"Joanna de Assis abre o jogo sobre demiss\u00e3o da Globo"},"content":{"rendered":"<p>A rep\u00f3rter <strong>Joanna de Assis<\/strong> quebrou o sil\u00eancio e revelou novos detalhes sobre sua sa\u00edda da <strong>Rede Globo<\/strong>, ocorrida em agosto deste ano. Embora tenha classificado o processo como maduro e pac\u00edfico, a profissional admitiu que n\u00e3o concordou com a decis\u00e3o e foi surpreendida pela emissora.<\/p>\n<h2>O momento do desligamento<\/h2>\n<p>A jornalista estava totalmente focada na apura\u00e7\u00e3o das negocia\u00e7\u00f5es para a contrata\u00e7\u00e3o do jogador <strong>Memphis Depay<\/strong> pelo <strong>Corinthians<\/strong> quando recebeu a not\u00edcia de que seu contrato n\u00e3o seria renovado. A empresa avaliou que o v\u00ednculo profissional de duas d\u00e9cadas havia chegado ao fim de seu ciclo.<\/p>\n<p>Em entrevista concedida \u00e0 revista <strong>Veja<\/strong>, a comunicadora confessou que sentiu tristeza com a reviravolta repentina em sua carreira, mas garantiu que superou o baque rapidamente.<\/p>\n<h2>A rea\u00e7\u00e3o e os pr\u00f3ximos passos<\/h2>\n<p>Segundo relatos da pr\u00f3pria rep\u00f3rter, a conversa com os superiores ocorreu de maneira cordial, culminando em uma despedida bem-humorada na qual brincou sobre reencontrar os antigos chefes no mercado de trabalho antes de ir tomar um cappuccino.<\/p>\n<p>Por fim, a profissional relembrou a publica\u00e7\u00e3o feita em suas redes sociais na \u00e9poca, onde destacou o orgulho de ter cumprido seu papel no cap\u00edtulo mais marcante de sua trajet\u00f3ria profissional at\u00e9 o momento.<\/p>\n<p>Por Reda\u00e7\u00e3o Acontece<\/p>\n<p>Reprodu\u00e7\u00e3o\/Instagram<\/p>\n","protected":false},"excerpt":{"rendered":"<p>A rep\u00f3rter Joanna de Assis quebrou o sil\u00eancio e revelou novos detalhes sobre sua sa\u00edda da Rede Globo, ocorrida em agosto deste ano. Embora tenha classificado o processo como maduro e pac\u00edfico, a profissional admitiu que n\u00e3o concordou com a decis\u00e3o e foi surpreendida pela emissora. O momento do desligamento A jornalista estava totalmente focada [&hellip;]<\/p>\n","protected":false},"author":0,"featured_media":36120,"comment_status":"open","ping_status":"open","sticky":false,"template":"","format":"standard","meta":{"footnotes":""},"categories":[6],"tags":[],"class_list":["post-36112","post","type-post","status-publish","format-standard","has-post-thumbnail","hentry","category-mercosul"],"_links":{"self":[{"href":"https:\/\/acontecenafronteira.com.br\/index.php\/wp-json\/wp\/v2\/posts\/36112","targetHints":{"allow":["GET"]}}],"collection":[{"href":"https:\/\/acontecenafronteira.com.br\/index.php\/wp-json\/wp\/v2\/posts"}],"about":[{"href":"https:\/\/acontecenafronteira.com.br\/index.php\/wp-json\/wp\/v2\/types\/post"}],"replies":[{"embeddable":true,"href":"https:\/\/acontecenafronteira.com.br\/index.php\/wp-json\/wp\/v2\/comments?post=36112"}],"version-history":[{"count":1,"href":"https:\/\/acontecenafronteira.com.br\/index.php\/wp-json\/wp\/v2\/posts\/36112\/revisions"}],"predecessor-version":[{"id":36119,"href":"https:\/\/acontecenafronteira.com.br\/index.php\/wp-json\/wp\/v2\/posts\/36112\/revisions\/36119"}],"wp:featuredmedia":[{"embeddable":true,"href":"https:\/\/acontecenafronteira.com.br\/index.php\/wp-json\/wp\/v2\/media\/36120"}],"wp:attachment":[{"href":"https:\/\/acontecenafronteira.com.br\/index.php\/wp-json\/wp\/v2\/media?parent=36112"}],"wp:term":[{"taxonomy":"category","embeddable":true,"href":"https:\/\/acontecenafronteira.com.br\/index.php\/wp-json\/wp\/v2\/categories?post=36112"},{"taxonomy":"post_tag","embeddable":true,"href":"https:\/\/acontecenafronteira.com.br\/index.php\/wp-json\/wp\/v2\/tags?post=36112"}],"curies":[{"name":"wp","href":"https:\/\/api.w.org\/{rel}","templated":true}]}}