{"id":36111,"date":"2026-09-05T15:36:50","date_gmt":"2026-09-05T18:36:50","guid":{"rendered":"https:\/\/acontecenafronteira.com.br\/?p=36111"},"modified":"2026-09-05T15:36:50","modified_gmt":"2026-09-05T18:36:50","slug":"justica-solta-trio-da-naskar-investigado-no-parana","status":"publish","type":"post","link":"https:\/\/acontecenafronteira.com.br\/index.php\/2026\/09\/05\/justica-solta-trio-da-naskar-investigado-no-parana\/","title":{"rendered":"Justi\u00e7a solta trio da Naskar investigado no Paran\u00e1"},"content":{"rendered":"<p>A Justi\u00e7a determinou a soltura dos tr\u00eas ex-s\u00f3cios da fintech Naskar Gest\u00e3o LTDA., apontados como respons\u00e1veis pelo sumi\u00e7o de R$ 900 milh\u00f5es pertencentes a mais de tr\u00eas mil clientes. Os investigados estavam detidos em S\u00e3o Paulo havia um m\u00eas e foram liberados ap\u00f3s decis\u00e3o expedida na tarde de uma quinta-feira (3\/9).<\/p>\n<h2>Motivos para a libera\u00e7\u00e3o dos investigados<\/h2>\n<p>\nO juiz Aimar Neres de Matos fundamentou a soltura no fato de que o inqu\u00e9rito policial foi formalmente conclu\u00eddo em 28 de agosto. O magistrado pontuou que eventuais per\u00edcias complementares em materiais j\u00e1 confiscados n\u00e3o justificam a continuidade da pris\u00e3o preventiva.<\/p>\n<p>Durante a opera\u00e7\u00e3o, as autoridades apreenderam diversos itens de interesse para o processo.<\/p>\n<p>&#8220;As medidas de busca e apreens\u00e3o j\u00e1 foram cumpridas, tendo sido arrecadados celulares, notebooks, pen drives, chips telef\u00f4nicos, livros cont\u00e1beis, documentos e outros elementos de interesse da investiga\u00e7\u00e3o, os quais se encontram sob a cust\u00f3dia do Estado&#8221;, destacou o juiz.<\/p>\n<h2>Medidas cautelares impostas pelo magistrado<\/h2>\n<p>\nApesar de conceder a liberdade, a Justi\u00e7a estabeleceu oito restri\u00e7\u00f5es rigorosas para o trio, incluindo a proibi\u00e7\u00e3o de contato com v\u00edtimas e testemunhas, entrega de passaportes, recolhimento domiciliar noturno e fins de semana, al\u00e9m da suspens\u00e3o total de atividades empresariais e financeiras ligadas ao caso.<\/p>\n<p>Anteriormente, em 25 de agosto, o ministro Carlos Pires Brand\u00e3o, do Superior Tribunal de Justi\u00e7a (STJ), havia negado um pedido de habeas corpus para os suspeitos, sob o argumento de incompet\u00eancia da corte para julgar a mat\u00e9ria naquele momento processual.<\/p>\n<h2>Como funcionava o esquema da fintech<\/h2>\n<p>\nCom passagens por Bras\u00edlia e S\u00e3o Paulo, a Naskar operava como uma empresa de servi\u00e7os financeiros prometendo retornos de 2% ao m\u00eas sobre o capital investido, cifra muito acima da m\u00e9dia de mercado. O neg\u00f3cio funcionou sem intercorr\u00eancias por 13 anos, at\u00e9 que os pagamentos cessaram repentinamente em maio, deixando milhares de clientes sem respostas.<\/p>\n<p>Entre os s\u00f3cios envolvidos est\u00e3o Jos\u00e9 Maur\u00edcio Volpato, conhecido como Maur\u00edcio Jahu e com passado como atleta e apresentador de TV, al\u00e9m de Marcelo Liranco Arantes e Rog\u00e9rio Vieira, que possuem liga\u00e7\u00f5es com outras empresas do setor financeiro e administrativo.<\/p>\n<p>Por Reda\u00e7\u00e3o Acontece<\/p>\n<p>Imagem: Reprodu\u00e7\u00e3o \/ Divulga\u00e7\u00e3o<\/p>\n","protected":false},"excerpt":{"rendered":"<p>A Justi\u00e7a determinou a soltura dos tr\u00eas ex-s\u00f3cios da fintech Naskar Gest\u00e3o LTDA., apontados como respons\u00e1veis pelo sumi\u00e7o de R$ 900 milh\u00f5es pertencentes a mais de tr\u00eas mil clientes. Os investigados estavam detidos em S\u00e3o Paulo havia um m\u00eas e foram liberados ap\u00f3s decis\u00e3o expedida na tarde de uma quinta-feira (3\/9). Motivos para a libera\u00e7\u00e3o [&hellip;]<\/p>\n","protected":false},"author":0,"featured_media":36118,"comment_status":"open","ping_status":"open","sticky":false,"template":"","format":"standard","meta":{"footnotes":""},"categories":[6],"tags":[],"class_list":["post-36111","post","type-post","status-publish","format-standard","has-post-thumbnail","hentry","category-mercosul"],"_links":{"self":[{"href":"https:\/\/acontecenafronteira.com.br\/index.php\/wp-json\/wp\/v2\/posts\/36111","targetHints":{"allow":["GET"]}}],"collection":[{"href":"https:\/\/acontecenafronteira.com.br\/index.php\/wp-json\/wp\/v2\/posts"}],"about":[{"href":"https:\/\/acontecenafronteira.com.br\/index.php\/wp-json\/wp\/v2\/types\/post"}],"replies":[{"embeddable":true,"href":"https:\/\/acontecenafronteira.com.br\/index.php\/wp-json\/wp\/v2\/comments?post=36111"}],"version-history":[{"count":1,"href":"https:\/\/acontecenafronteira.com.br\/index.php\/wp-json\/wp\/v2\/posts\/36111\/revisions"}],"predecessor-version":[{"id":36117,"href":"https:\/\/acontecenafronteira.com.br\/index.php\/wp-json\/wp\/v2\/posts\/36111\/revisions\/36117"}],"wp:featuredmedia":[{"embeddable":true,"href":"https:\/\/acontecenafronteira.com.br\/index.php\/wp-json\/wp\/v2\/media\/36118"}],"wp:attachment":[{"href":"https:\/\/acontecenafronteira.com.br\/index.php\/wp-json\/wp\/v2\/media?parent=36111"}],"wp:term":[{"taxonomy":"category","embeddable":true,"href":"https:\/\/acontecenafronteira.com.br\/index.php\/wp-json\/wp\/v2\/categories?post=36111"},{"taxonomy":"post_tag","embeddable":true,"href":"https:\/\/acontecenafronteira.com.br\/index.php\/wp-json\/wp\/v2\/tags?post=36111"}],"curies":[{"name":"wp","href":"https:\/\/api.w.org\/{rel}","templated":true}]}}