{"id":36110,"date":"2026-09-05T15:36:46","date_gmt":"2026-09-05T18:36:46","guid":{"rendered":"https:\/\/acontecenafronteira.com.br\/?p=36110"},"modified":"2026-09-05T15:36:46","modified_gmt":"2026-09-05T18:36:46","slug":"smart-works-celebra-retorno-de-meghan-markle-ao-reino-unido","status":"publish","type":"post","link":"https:\/\/acontecenafronteira.com.br\/index.php\/2026\/09\/05\/smart-works-celebra-retorno-de-meghan-markle-ao-reino-unido\/","title":{"rendered":"Smart Works celebra retorno de Meghan Markle ao Reino Unido"},"content":{"rendered":"<p>A institui\u00e7\u00e3o brit\u00e2nica Smart Works expressou grande entusiasmo com a volta de <strong>Meghan Markle<\/strong> ao Reino Unido, acompanhada pelo pr\u00edncipe Harry e pelos filhos do casal, Archie e Lilibet.<\/p>\n<h2>Apoio cont\u00ednuo \u00e0 institui\u00e7\u00e3o<\/h2>\n<p>A organiza\u00e7\u00e3o, que se dedica a capacitar mulheres desempregadas para o mercado de trabalho atrav\u00e9s de orienta\u00e7\u00f5es e fornecimento de vesturt\u00e1rio profissional, celebrou o reencontro com a duquesa de Sussex.<\/p>\n<h2>Hist\u00f3rico de parceria<\/h2>\n<p>A liga\u00e7\u00e3o entre Meghan e a entidade come\u00e7ou durante o per\u00edodo em que ela cumpria deveres oficiais pela Fam\u00edlia Real. Mesmo ap\u00f3s a mudan\u00e7a do casal para os Estados Unidos em 2020 e a ren\u00fancia aos cargos s\u00eaniores da monarquia, o suporte \u00e0 causa permaneceu ativo.<\/p>\n<p>A duquesa manteve contato constante por meio de videochamadas e mensagens, al\u00e9m de ter lan\u00e7ado uma linha exclusiva de roupas corporativas em 2019 voltada para arrecadar fundos para a institui\u00e7\u00e3o.<\/p>\n<h2>Repercuss\u00e3o da mudan\u00e7a<\/h2>\n<p>Enquanto a Smart Works recebeu a fam\u00edlia de bra\u00e7os abertos, a imprensa local apontou que a chegada gerou rea\u00e7\u00f5es mistas, incluindo certa cautela entre moradores da regi\u00e3o de Cotswolds, cotada para abrigar a nova resid\u00eancia do casal.<\/p>\n<p>Por Reda\u00e7\u00e3o Acontece<\/p>\n<p>Foto: Aaron Chown\/PA Images via Getty Images<\/p>\n","protected":false},"excerpt":{"rendered":"<p>A institui\u00e7\u00e3o brit\u00e2nica Smart Works expressou grande entusiasmo com a volta de Meghan Markle ao Reino Unido, acompanhada pelo pr\u00edncipe Harry e pelos filhos do casal, Archie e Lilibet. Apoio cont\u00ednuo \u00e0 institui\u00e7\u00e3o A organiza\u00e7\u00e3o, que se dedica a capacitar mulheres desempregadas para o mercado de trabalho atrav\u00e9s de orienta\u00e7\u00f5es e fornecimento de vesturt\u00e1rio profissional, [&hellip;]<\/p>\n","protected":false},"author":0,"featured_media":36116,"comment_status":"open","ping_status":"open","sticky":false,"template":"","format":"standard","meta":{"footnotes":""},"categories":[6],"tags":[],"class_list":["post-36110","post","type-post","status-publish","format-standard","has-post-thumbnail","hentry","category-mercosul"],"_links":{"self":[{"href":"https:\/\/acontecenafronteira.com.br\/index.php\/wp-json\/wp\/v2\/posts\/36110","targetHints":{"allow":["GET"]}}],"collection":[{"href":"https:\/\/acontecenafronteira.com.br\/index.php\/wp-json\/wp\/v2\/posts"}],"about":[{"href":"https:\/\/acontecenafronteira.com.br\/index.php\/wp-json\/wp\/v2\/types\/post"}],"replies":[{"embeddable":true,"href":"https:\/\/acontecenafronteira.com.br\/index.php\/wp-json\/wp\/v2\/comments?post=36110"}],"version-history":[{"count":1,"href":"https:\/\/acontecenafronteira.com.br\/index.php\/wp-json\/wp\/v2\/posts\/36110\/revisions"}],"predecessor-version":[{"id":36115,"href":"https:\/\/acontecenafronteira.com.br\/index.php\/wp-json\/wp\/v2\/posts\/36110\/revisions\/36115"}],"wp:featuredmedia":[{"embeddable":true,"href":"https:\/\/acontecenafronteira.com.br\/index.php\/wp-json\/wp\/v2\/media\/36116"}],"wp:attachment":[{"href":"https:\/\/acontecenafronteira.com.br\/index.php\/wp-json\/wp\/v2\/media?parent=36110"}],"wp:term":[{"taxonomy":"category","embeddable":true,"href":"https:\/\/acontecenafronteira.com.br\/index.php\/wp-json\/wp\/v2\/categories?post=36110"},{"taxonomy":"post_tag","embeddable":true,"href":"https:\/\/acontecenafronteira.com.br\/index.php\/wp-json\/wp\/v2\/tags?post=36110"}],"curies":[{"name":"wp","href":"https:\/\/api.w.org\/{rel}","templated":true}]}}