{"id":36099,"date":"2026-09-05T15:36:41","date_gmt":"2026-09-05T18:36:41","guid":{"rendered":"https:\/\/acontecenafronteira.com.br\/?p=36099"},"modified":"2026-09-05T15:36:41","modified_gmt":"2026-09-05T18:36:41","slug":"jose-dirceu-vence-cancer-linfatico-e-encerra-tratamento-aos-80-anos","status":"publish","type":"post","link":"https:\/\/acontecenafronteira.com.br\/index.php\/2026\/09\/05\/jose-dirceu-vence-cancer-linfatico-e-encerra-tratamento-aos-80-anos\/","title":{"rendered":"Jos\u00e9 Dirceu vence c\u00e2ncer linf\u00e1tico e encerra tratamento aos 80 anos"},"content":{"rendered":"<p>O ex-ministro Jos\u00e9 Dirceu anunciou nesta sexta-feira (4) a conclus\u00e3o de seu tratamento contra um linfoma e comemorou a remiss\u00e3o da doen\u00e7a, diagnosticada inicialmente em maio. A informa\u00e7\u00e3o foi confirmada pelo Hospital S\u00edrio-Liban\u00eas, em S\u00e3o Paulo, onde o pol\u00edtico de 80 anos passou por sess\u00f5es de quimioterapia.<\/p>\n<h2>Recupera\u00e7\u00e3o e recomenda\u00e7\u00f5es m\u00e9dicas<\/h2>\n<p>Conforme o boletim m\u00e9dico divulgado pelo hospital e assinado pelos especialistas Celso Arrais, Raul Cutait e Roberto Kalil, o paciente recebeu orienta\u00e7\u00f5es para permanecer em repouso domiciliar pelas pr\u00f3ximas quatro semanas. Ap\u00f3s esse per\u00edodo de resguardo, ele estar\u00e1 apto a retornar gradualmente \u00e0 sua rotina habitual e aos compromissos p\u00fablicos.<\/p>\n<h2>Agradecimentos e retorno \u00e0 campanha<\/h2>\n<p>Em um v\u00eddeo divulgado nas redes sociais ao lado do ministro da Sa\u00fade, Alexandre Padilha, Dirceu celebrou a vit\u00f3ria sobre o c\u00e2ncer do sistema linf\u00e1tico e agradeceu tanto ao corpo cl\u00ednico quanto \u00e0s manifesta\u00e7\u00f5es de apoio recebidas durante o processo. Aos 80 anos, ele foi internado em 10 de maio para exames que detectaram a enfermidade.<\/p>\n<p>Como uma das principais apostas do PT para atrair votos \u00e0 C\u00e2mara dos Deputados, o pol\u00edtico continuar\u00e1 sua campanha em formato remoto. A equipe m\u00e9dica vetou a participa\u00e7\u00e3o em atos de rua e aglomera\u00e7\u00f5es durante o primeiro m\u00eas de p\u00f3s-tratamento, restringindo sua atua\u00e7\u00e3o pol\u00edtica direta.<\/p>\n<p>Apesar das limita\u00e7\u00f5es impostas temporariamente pelos m\u00e9dicos, o candidato expressou otimismo em rela\u00e7\u00e3o ao cen\u00e1rio pol\u00edtico e ao seu retorno integral \u00e0s atividades p\u00fablicas assim que receber a libera\u00e7\u00e3o definitiva dos especialistas de sa\u00fade.<\/p>\n<p>Por Reda\u00e7\u00e3o Acontece<\/p>\n<p>Imagem: Reprodu\u00e7\u00e3o \/ Redes Sociais<\/p>\n","protected":false},"excerpt":{"rendered":"<p>O ex-ministro Jos\u00e9 Dirceu anunciou nesta sexta-feira (4) a conclus\u00e3o de seu tratamento contra um linfoma e comemorou a remiss\u00e3o da doen\u00e7a, diagnosticada inicialmente em maio. A informa\u00e7\u00e3o foi confirmada pelo Hospital S\u00edrio-Liban\u00eas, em S\u00e3o Paulo, onde o pol\u00edtico de 80 anos passou por sess\u00f5es de quimioterapia. Recupera\u00e7\u00e3o e recomenda\u00e7\u00f5es m\u00e9dicas Conforme o boletim m\u00e9dico [&hellip;]<\/p>\n","protected":false},"author":0,"featured_media":36109,"comment_status":"open","ping_status":"open","sticky":false,"template":"","format":"standard","meta":{"footnotes":""},"categories":[28],"tags":[],"class_list":["post-36099","post","type-post","status-publish","format-standard","has-post-thumbnail","hentry","category-mundo"],"_links":{"self":[{"href":"https:\/\/acontecenafronteira.com.br\/index.php\/wp-json\/wp\/v2\/posts\/36099","targetHints":{"allow":["GET"]}}],"collection":[{"href":"https:\/\/acontecenafronteira.com.br\/index.php\/wp-json\/wp\/v2\/posts"}],"about":[{"href":"https:\/\/acontecenafronteira.com.br\/index.php\/wp-json\/wp\/v2\/types\/post"}],"replies":[{"embeddable":true,"href":"https:\/\/acontecenafronteira.com.br\/index.php\/wp-json\/wp\/v2\/comments?post=36099"}],"version-history":[{"count":1,"href":"https:\/\/acontecenafronteira.com.br\/index.php\/wp-json\/wp\/v2\/posts\/36099\/revisions"}],"predecessor-version":[{"id":36108,"href":"https:\/\/acontecenafronteira.com.br\/index.php\/wp-json\/wp\/v2\/posts\/36099\/revisions\/36108"}],"wp:featuredmedia":[{"embeddable":true,"href":"https:\/\/acontecenafronteira.com.br\/index.php\/wp-json\/wp\/v2\/media\/36109"}],"wp:attachment":[{"href":"https:\/\/acontecenafronteira.com.br\/index.php\/wp-json\/wp\/v2\/media?parent=36099"}],"wp:term":[{"taxonomy":"category","embeddable":true,"href":"https:\/\/acontecenafronteira.com.br\/index.php\/wp-json\/wp\/v2\/categories?post=36099"},{"taxonomy":"post_tag","embeddable":true,"href":"https:\/\/acontecenafronteira.com.br\/index.php\/wp-json\/wp\/v2\/tags?post=36099"}],"curies":[{"name":"wp","href":"https:\/\/api.w.org\/{rel}","templated":true}]}}