{"id":36096,"date":"2026-09-05T15:36:12","date_gmt":"2026-09-05T18:36:12","guid":{"rendered":"https:\/\/acontecenafronteira.com.br\/?p=36096"},"modified":"2026-09-05T15:36:12","modified_gmt":"2026-09-05T18:36:12","slug":"incendio-em-loja-no-parana-exige-acao-rapida-dos-bombeiros","status":"publish","type":"post","link":"https:\/\/acontecenafronteira.com.br\/index.php\/2026\/09\/05\/incendio-em-loja-no-parana-exige-acao-rapida-dos-bombeiros\/","title":{"rendered":"Inc\u00eandio em loja no Paran\u00e1 exige a\u00e7\u00e3o r\u00e1pida dos bombeiros"},"content":{"rendered":"<p>Um princ\u00edpio de <strong>inc\u00eandio<\/strong> atingiu uma loja de brinquedos localizada no subsolo de um centro comercial na tarde deste s\u00e1bado (4), gerando grande mobiliza\u00e7\u00e3o de equipes de emerg\u00eancia.<\/p>\n<h2>Atendimento r\u00e1pido e controle das chamas<\/h2>\n<p>O fogo teve in\u00edcio por volta das 13h30 e foi combatido inicialmente pelos pr\u00f3prios funcion\u00e1rios do estabelecimento antes da chegada do socorro especializado, garantindo que n\u00e3o houvesse feridos na ocorr\u00eancia.<\/p>\n<h2>A\u00e7\u00e3o do Corpo de Bombeiros<\/h2>\n<p>O <strong>Corpo de Bombeiros<\/strong> foi acionado imediatamente para o local, mobilizando cerca de 20 militares e quatro viaturas para realizar o trabalho de rescaldo e a exaust\u00e3o da fuma\u00e7a acumulada no setor de estoque, situado no subsolo.<\/p>\n<h2>Evacua\u00e7\u00e3o preventiva e suspens\u00e3o das atividades<\/h2>\n<p>Como medida de seguran\u00e7a recomendada pelas autoridades militares, clientes e lojistas precisaram ser evacuados preventivamente do pr\u00e9dio. A administra\u00e7\u00e3o local decidiu encerrar o expediente mais cedo neste s\u00e1bado.<\/p>\n<h2>Previs\u00e3o de retorno<\/h2>\n<p>Materiais inflam\u00e1veis, como pl\u00e1sticos e pel\u00facias, intensificaram a produ\u00e7\u00e3o de fuma\u00e7a, mas a situa\u00e7\u00e3o j\u00e1 se encontra sob total controle. O centro de compras informou que as portas ser\u00e3o reabertas normalmente ap\u00f3s o feriado, na ter\u00e7a-feira (8), enquanto as causas do incidente seguem sob investiga\u00e7\u00e3o.<\/p>\n<p>Por Reda\u00e7\u00e3o Acontece<\/p>\n<p>Cr\u00e9ditos da imagem: Divulga\u00e7\u00e3o\/Bombeiros<\/p>\n","protected":false},"excerpt":{"rendered":"<p>Um princ\u00edpio de inc\u00eandio atingiu uma loja de brinquedos localizada no subsolo de um centro comercial na tarde deste s\u00e1bado (4), gerando grande mobiliza\u00e7\u00e3o de equipes de emerg\u00eancia. Atendimento r\u00e1pido e controle das chamas O fogo teve in\u00edcio por volta das 13h30 e foi combatido inicialmente pelos pr\u00f3prios funcion\u00e1rios do estabelecimento antes da chegada do [&hellip;]<\/p>\n","protected":false},"author":0,"featured_media":36103,"comment_status":"open","ping_status":"open","sticky":false,"template":"","format":"standard","meta":{"footnotes":""},"categories":[28],"tags":[],"class_list":["post-36096","post","type-post","status-publish","format-standard","has-post-thumbnail","hentry","category-mundo"],"_links":{"self":[{"href":"https:\/\/acontecenafronteira.com.br\/index.php\/wp-json\/wp\/v2\/posts\/36096","targetHints":{"allow":["GET"]}}],"collection":[{"href":"https:\/\/acontecenafronteira.com.br\/index.php\/wp-json\/wp\/v2\/posts"}],"about":[{"href":"https:\/\/acontecenafronteira.com.br\/index.php\/wp-json\/wp\/v2\/types\/post"}],"replies":[{"embeddable":true,"href":"https:\/\/acontecenafronteira.com.br\/index.php\/wp-json\/wp\/v2\/comments?post=36096"}],"version-history":[{"count":1,"href":"https:\/\/acontecenafronteira.com.br\/index.php\/wp-json\/wp\/v2\/posts\/36096\/revisions"}],"predecessor-version":[{"id":36102,"href":"https:\/\/acontecenafronteira.com.br\/index.php\/wp-json\/wp\/v2\/posts\/36096\/revisions\/36102"}],"wp:featuredmedia":[{"embeddable":true,"href":"https:\/\/acontecenafronteira.com.br\/index.php\/wp-json\/wp\/v2\/media\/36103"}],"wp:attachment":[{"href":"https:\/\/acontecenafronteira.com.br\/index.php\/wp-json\/wp\/v2\/media?parent=36096"}],"wp:term":[{"taxonomy":"category","embeddable":true,"href":"https:\/\/acontecenafronteira.com.br\/index.php\/wp-json\/wp\/v2\/categories?post=36096"},{"taxonomy":"post_tag","embeddable":true,"href":"https:\/\/acontecenafronteira.com.br\/index.php\/wp-json\/wp\/v2\/tags?post=36096"}],"curies":[{"name":"wp","href":"https:\/\/api.w.org\/{rel}","templated":true}]}}