{"id":36095,"date":"2026-09-05T15:36:07","date_gmt":"2026-09-05T18:36:07","guid":{"rendered":"https:\/\/acontecenafronteira.com.br\/?p=36095"},"modified":"2026-09-05T15:36:07","modified_gmt":"2026-09-05T18:36:07","slug":"abel-ferreira-pega-efeito-suspensivo-e-comanda-palmeiras","status":"publish","type":"post","link":"https:\/\/acontecenafronteira.com.br\/index.php\/2026\/09\/05\/abel-ferreira-pega-efeito-suspensivo-e-comanda-palmeiras\/","title":{"rendered":"Abel Ferreira pega efeito suspensivo e comanda Palmeiras"},"content":{"rendered":"<p>O t\u00e9cnico Abel Ferreira obteve um <strong>efeito suspensivo<\/strong> junto ao Superior Tribunal de Justi\u00e7a Desportiva (STJD) e estar\u00e1 \u00e0 frente do Palmeiras na partida decisiva contra o Botafogo, marcada para este domingo no est\u00e1dio Nilton Santos, v\u00e1lida pelo <strong>Campeonato Brasileiro<\/strong>.<\/p>\n<h2>A decis\u00e3o da auditora do STJD<\/h2>\n<p>A libera\u00e7\u00e3o do comandante portugu\u00eas aconteceu neste s\u00e1bado, ap\u00f3s a auditora Antonieta da Silva, relatora do processo no Pleno do tribunal, deferir o pedido protocolado pela diretoria do clube paulista. Com a medida, a puni\u00e7\u00e3o anterior de duas partidas impostas ao treinador fica paralisada temporariamente.<\/p>\n<h2>Origem da puni\u00e7\u00e3o no Brasileir\u00e3o<\/h2>\n<p>A suspens\u00e3o inicial havia sido determinada porque o t\u00e9cnico chutou um microfone \u00e0 beira do gramado durante o duelo contra o Mirassol, v\u00e1lido pela 25\u00aa rodada da competi\u00e7\u00e3o nacional. Devido a esse incidente, ele desfalcaria a equipe alviverde nos confrontos diante de Botafogo e S\u00e3o Paulo, aus\u00eancia que agora foi revertida.<\/p>\n<h2>Fundamentos jur\u00eddicos do recurso<\/h2>\n<p>No comunicado oficial emitido pelo STJD, a relatora justificou que a concess\u00e3o baseou-se no artigo 147-A do C\u00f3digo Brasileiro de Justi\u00e7a Desportiva (CBJD). A magistrada pontuou que houve diverg\u00eancia de entendimentos durante a vota\u00e7\u00e3o na Terceira Comiss\u00e3o Disciplinar, onde o relator original havia votado pela absolvi\u00e7\u00e3o do comandante.<\/p>\n<p>Dessa forma, a pena permanece congelada at\u00e9 que o recurso seja julgado em definitivo pelo Pleno, que representa a \u00faltima inst\u00e2ncia da justi\u00e7a desportiva no pa\u00eds, garantindo a presen\u00e7a do treinador na beira do campo nesta rodada do torneio.<\/p>\n<p>Por Reda\u00e7\u00e3o Acontece<\/p>\n<p>Cr\u00e9ditos da imagem: Divulga\u00e7\u00e3o\/Palmeiras<\/p>\n","protected":false},"excerpt":{"rendered":"<p>O t\u00e9cnico Abel Ferreira obteve um efeito suspensivo junto ao Superior Tribunal de Justi\u00e7a Desportiva (STJD) e estar\u00e1 \u00e0 frente do Palmeiras na partida decisiva contra o Botafogo, marcada para este domingo no est\u00e1dio Nilton Santos, v\u00e1lida pelo Campeonato Brasileiro. A decis\u00e3o da auditora do STJD A libera\u00e7\u00e3o do comandante portugu\u00eas aconteceu neste s\u00e1bado, ap\u00f3s [&hellip;]<\/p>\n","protected":false},"author":0,"featured_media":36101,"comment_status":"open","ping_status":"open","sticky":false,"template":"","format":"standard","meta":{"footnotes":""},"categories":[28],"tags":[],"class_list":["post-36095","post","type-post","status-publish","format-standard","has-post-thumbnail","hentry","category-mundo"],"_links":{"self":[{"href":"https:\/\/acontecenafronteira.com.br\/index.php\/wp-json\/wp\/v2\/posts\/36095","targetHints":{"allow":["GET"]}}],"collection":[{"href":"https:\/\/acontecenafronteira.com.br\/index.php\/wp-json\/wp\/v2\/posts"}],"about":[{"href":"https:\/\/acontecenafronteira.com.br\/index.php\/wp-json\/wp\/v2\/types\/post"}],"replies":[{"embeddable":true,"href":"https:\/\/acontecenafronteira.com.br\/index.php\/wp-json\/wp\/v2\/comments?post=36095"}],"version-history":[{"count":1,"href":"https:\/\/acontecenafronteira.com.br\/index.php\/wp-json\/wp\/v2\/posts\/36095\/revisions"}],"predecessor-version":[{"id":36100,"href":"https:\/\/acontecenafronteira.com.br\/index.php\/wp-json\/wp\/v2\/posts\/36095\/revisions\/36100"}],"wp:featuredmedia":[{"embeddable":true,"href":"https:\/\/acontecenafronteira.com.br\/index.php\/wp-json\/wp\/v2\/media\/36101"}],"wp:attachment":[{"href":"https:\/\/acontecenafronteira.com.br\/index.php\/wp-json\/wp\/v2\/media?parent=36095"}],"wp:term":[{"taxonomy":"category","embeddable":true,"href":"https:\/\/acontecenafronteira.com.br\/index.php\/wp-json\/wp\/v2\/categories?post=36095"},{"taxonomy":"post_tag","embeddable":true,"href":"https:\/\/acontecenafronteira.com.br\/index.php\/wp-json\/wp\/v2\/tags?post=36095"}],"curies":[{"name":"wp","href":"https:\/\/api.w.org\/{rel}","templated":true}]}}