{"id":36088,"date":"2026-09-05T15:36:01","date_gmt":"2026-09-05T18:36:01","guid":{"rendered":"https:\/\/acontecenafronteira.com.br\/?p=36088"},"modified":"2026-09-05T15:36:01","modified_gmt":"2026-09-05T18:36:01","slug":"campanha-de-lula-pede-fim-de-sigilo-sobre-filme-de-bolsonaro-no-stf","status":"publish","type":"post","link":"https:\/\/acontecenafronteira.com.br\/index.php\/2026\/09\/05\/campanha-de-lula-pede-fim-de-sigilo-sobre-filme-de-bolsonaro-no-stf\/","title":{"rendered":"Campanha de Lula pede fim de sigilo sobre filme de Bolsonaro no STF"},"content":{"rendered":"<p>A equipe jur\u00eddica da campanha do presidente Luiz In\u00e1cio Lula da Silva protocolou uma a\u00e7\u00e3o no Supremo Tribunal Federal (STF) exigindo a quebra de sigilo de documentos cruciais que detalham o financiamento da produ\u00e7\u00e3o cinematogr\u00e1fica Dark Horse.<\/p>\n<h2>Detalhes do pedido na Justi\u00e7a<\/h2>\n<p>O recurso apresentado \u00e0 mais alta Corte do pa\u00eds busca dar transpar\u00eancia total aos recursos p\u00fablicos e privados envolvidos na obra associada \u00e0 imagem do ex-presidente Jair Bolsonaro. Os advogados argumentam que o acesso \u00e0s informa\u00e7\u00f5es \u00e9 fundamental para garantir o princ\u00edpio da publicidade na administra\u00e7\u00e3o p\u00fablica.<\/p>\n<h2>Repercuss\u00e3o pol\u00edtica do caso<\/h2>\n<p>A investida jur\u00eddica gera nova tens\u00e3o no cen\u00e1rio pol\u00edtico nacional, colocando em evid\u00eancia a disputa de narrativas entre a atual gest\u00e3o e o grupo pol\u00edtico do ex-mandat\u00e1rio. A expectativa \u00e9 de que o STF avalie a legalidade da manuten\u00e7\u00e3o do sigilo imposto anteriormente.<\/p>\n<p>Os desdobramentos dessa solicita\u00e7\u00e3o podem abrir precedentes importantes sobre a fiscaliza\u00e7\u00e3o de produ\u00e7\u00f5es culturais e sua rela\u00e7\u00e3o com agentes pol\u00edticos em campanhas eleitorais passadas e futuras.<\/p>\n<p>A Corte ainda n\u00e3o definiu uma data para o julgamento do pedido de derrubada do sigilo, mas o tema j\u00e1 movimenta os bastidores de Bras\u00edlia e atrai os olhares de especialistas em direito constitucional.<\/p>\n<p>Por Reda\u00e7\u00e3o Acontece<\/p>\n<p>Cr\u00e9ditos da imagem: Divulga\u00e7\u00e3o\/STF<\/p>\n","protected":false},"excerpt":{"rendered":"<p>A equipe jur\u00eddica da campanha do presidente Luiz In\u00e1cio Lula da Silva protocolou uma a\u00e7\u00e3o no Supremo Tribunal Federal (STF) exigindo a quebra de sigilo de documentos cruciais que detalham o financiamento da produ\u00e7\u00e3o cinematogr\u00e1fica Dark Horse. Detalhes do pedido na Justi\u00e7a O recurso apresentado \u00e0 mais alta Corte do pa\u00eds busca dar transpar\u00eancia total [&hellip;]<\/p>\n","protected":false},"author":0,"featured_media":36094,"comment_status":"open","ping_status":"open","sticky":false,"template":"","format":"standard","meta":{"footnotes":""},"categories":[18],"tags":[],"class_list":["post-36088","post","type-post","status-publish","format-standard","has-post-thumbnail","hentry","category-parana"],"_links":{"self":[{"href":"https:\/\/acontecenafronteira.com.br\/index.php\/wp-json\/wp\/v2\/posts\/36088","targetHints":{"allow":["GET"]}}],"collection":[{"href":"https:\/\/acontecenafronteira.com.br\/index.php\/wp-json\/wp\/v2\/posts"}],"about":[{"href":"https:\/\/acontecenafronteira.com.br\/index.php\/wp-json\/wp\/v2\/types\/post"}],"replies":[{"embeddable":true,"href":"https:\/\/acontecenafronteira.com.br\/index.php\/wp-json\/wp\/v2\/comments?post=36088"}],"version-history":[{"count":1,"href":"https:\/\/acontecenafronteira.com.br\/index.php\/wp-json\/wp\/v2\/posts\/36088\/revisions"}],"predecessor-version":[{"id":36093,"href":"https:\/\/acontecenafronteira.com.br\/index.php\/wp-json\/wp\/v2\/posts\/36088\/revisions\/36093"}],"wp:featuredmedia":[{"embeddable":true,"href":"https:\/\/acontecenafronteira.com.br\/index.php\/wp-json\/wp\/v2\/media\/36094"}],"wp:attachment":[{"href":"https:\/\/acontecenafronteira.com.br\/index.php\/wp-json\/wp\/v2\/media?parent=36088"}],"wp:term":[{"taxonomy":"category","embeddable":true,"href":"https:\/\/acontecenafronteira.com.br\/index.php\/wp-json\/wp\/v2\/categories?post=36088"},{"taxonomy":"post_tag","embeddable":true,"href":"https:\/\/acontecenafronteira.com.br\/index.php\/wp-json\/wp\/v2\/tags?post=36088"}],"curies":[{"name":"wp","href":"https:\/\/api.w.org\/{rel}","templated":true}]}}