{"id":36087,"date":"2026-09-05T15:35:56","date_gmt":"2026-09-05T18:35:56","guid":{"rendered":"https:\/\/acontecenafronteira.com.br\/?p=36087"},"modified":"2026-09-05T15:35:56","modified_gmt":"2026-09-05T18:35:56","slug":"justica-suspende-shows-milionarios-de-ana-castela-e-mioto","status":"publish","type":"post","link":"https:\/\/acontecenafronteira.com.br\/index.php\/2026\/09\/05\/justica-suspende-shows-milionarios-de-ana-castela-e-mioto\/","title":{"rendered":"Justi\u00e7a suspende shows milion\u00e1rios de Ana Castela e Mioto"},"content":{"rendered":"<p>A Justi\u00e7a do estado de Minas Gerais determinou a suspens\u00e3o imediata de investimentos p\u00fablicos destinados \u00e0 contrata\u00e7\u00e3o de grandes atra\u00e7\u00f5es musicais, incluindo os shows dos cantores Ana Castela e Gustavo Mioto.<\/p>\n<h2>Bloqueio de verbas p\u00fablicas<\/h2>\n<p>A medida atinge diretamente a programa\u00e7\u00e3o festiva que contava com o cach\u00ea de seis artistas renomados pagos com dinheiro dos cofres municipais. A decis\u00e3o foi tomada ap\u00f3s questionamentos do Minist\u00e9rio P\u00fablico sobre a legalidade e a prioridade dos gastos.<\/p>\n<h2>Impacto na programa\u00e7\u00e3o oficial<\/h2>\n<p>Al\u00e9m dos sertanejos, a restri\u00e7\u00e3o afeta outros quatros nomes de peso que subiriam ao palco nos festejos locais, gerando debate sobre a responsabilidade fiscal de gest\u00f5es p\u00fablicas em eventos de grande porte.<\/p>\n<p>O caso segue sob an\u00e1lise do Poder Judici\u00e1rio, que avaliar\u00e1 se a realiza\u00e7\u00e3o dos concertos com recursos da prefeitura viola os princ\u00edpios da administra\u00e7\u00e3o p\u00fablica.<\/p>\n<p>Por Reda\u00e7\u00e3o Acontece<\/p>\n<p>Cr\u00e9ditos da imagem: Divulga\u00e7\u00e3o \/ Redes Sociais<\/p>\n","protected":false},"excerpt":{"rendered":"<p>A Justi\u00e7a do estado de Minas Gerais determinou a suspens\u00e3o imediata de investimentos p\u00fablicos destinados \u00e0 contrata\u00e7\u00e3o de grandes atra\u00e7\u00f5es musicais, incluindo os shows dos cantores Ana Castela e Gustavo Mioto. Bloqueio de verbas p\u00fablicas A medida atinge diretamente a programa\u00e7\u00e3o festiva que contava com o cach\u00ea de seis artistas renomados pagos com dinheiro dos [&hellip;]<\/p>\n","protected":false},"author":0,"featured_media":36092,"comment_status":"open","ping_status":"open","sticky":false,"template":"","format":"standard","meta":{"footnotes":""},"categories":[18],"tags":[],"class_list":["post-36087","post","type-post","status-publish","format-standard","has-post-thumbnail","hentry","category-parana"],"_links":{"self":[{"href":"https:\/\/acontecenafronteira.com.br\/index.php\/wp-json\/wp\/v2\/posts\/36087","targetHints":{"allow":["GET"]}}],"collection":[{"href":"https:\/\/acontecenafronteira.com.br\/index.php\/wp-json\/wp\/v2\/posts"}],"about":[{"href":"https:\/\/acontecenafronteira.com.br\/index.php\/wp-json\/wp\/v2\/types\/post"}],"replies":[{"embeddable":true,"href":"https:\/\/acontecenafronteira.com.br\/index.php\/wp-json\/wp\/v2\/comments?post=36087"}],"version-history":[{"count":1,"href":"https:\/\/acontecenafronteira.com.br\/index.php\/wp-json\/wp\/v2\/posts\/36087\/revisions"}],"predecessor-version":[{"id":36091,"href":"https:\/\/acontecenafronteira.com.br\/index.php\/wp-json\/wp\/v2\/posts\/36087\/revisions\/36091"}],"wp:featuredmedia":[{"embeddable":true,"href":"https:\/\/acontecenafronteira.com.br\/index.php\/wp-json\/wp\/v2\/media\/36092"}],"wp:attachment":[{"href":"https:\/\/acontecenafronteira.com.br\/index.php\/wp-json\/wp\/v2\/media?parent=36087"}],"wp:term":[{"taxonomy":"category","embeddable":true,"href":"https:\/\/acontecenafronteira.com.br\/index.php\/wp-json\/wp\/v2\/categories?post=36087"},{"taxonomy":"post_tag","embeddable":true,"href":"https:\/\/acontecenafronteira.com.br\/index.php\/wp-json\/wp\/v2\/tags?post=36087"}],"curies":[{"name":"wp","href":"https:\/\/api.w.org\/{rel}","templated":true}]}}