{"id":36077,"date":"2026-09-05T14:37:47","date_gmt":"2026-09-05T17:37:47","guid":{"rendered":"https:\/\/acontecenafronteira.com.br\/?p=36077"},"modified":"2026-09-05T14:37:47","modified_gmt":"2026-09-05T17:37:47","slug":"pesquisa-parana-real-time-big-data-revela-intencoes-de-voto","status":"publish","type":"post","link":"https:\/\/acontecenafronteira.com.br\/index.php\/2026\/09\/05\/pesquisa-parana-real-time-big-data-revela-intencoes-de-voto\/","title":{"rendered":"Pesquisa Paran\u00e1: Real Time Big Data revela inten\u00e7\u00f5es de voto"},"content":{"rendered":"<p>O instituto Real Time Big Data tem divulga\u00e7\u00e3o prevista para a pr\u00f3xima quarta-feira (9) de um novo levantamento estat\u00edstico focado no cen\u00e1rio pol\u00edtico paranaense, abrangendo a corrida pelo Pal\u00e1cio Igua\u00e7u e a disputa pelas duas vagas em aberto para o Senado Federal nas pr\u00f3ximas elei\u00e7\u00f5es.<\/p>\n<h2>Detalhes do levantamento eleitoral<\/h2>\n<p>A coleta de dados ouviu os eleitores em diversas regi\u00f5es paranaenses para mensurar o grau de conhecimento e a prefer\u00eancia popular em rela\u00e7\u00e3o aos principais nomes cotados para o pleito majorit\u00e1rio estadual.<\/p>\n<h3>Cen\u00e1rios para o Governo do Paran\u00e1<\/h3>\n<p>O estudo traz proje\u00e7\u00f5es detalhadas sobre a corrida ao governo estadual, avaliando tanto cen\u00e1rios estimulados \u2014 quando uma lista de candidatos \u00e9 apresentada aos entrevistados \u2014 quanto pesquisas espont\u00e2neas, nas quais o eleitor declara o voto sem aux\u00edlio de cart\u00f5es.<\/p>\n<h3>Disputa acirrada pelas vagas ao Senado<\/h3>\n<p>Al\u00e9m da chefia do Executivo, o levantamento foca na intensa concorr\u00eancia pelas duas cadeiras que o estado ter\u00e1 direito no Senado da Rep\u00fablica, mapeando as alian\u00e7as e o impacto pol\u00edtico das recentes movimenta\u00e7\u00f5es partid\u00e1rias locais.<\/p>\n<p>A divulga\u00e7\u00e3o dos n\u00fameros consolidados serve como term\u00f4metro importante para analistas pol\u00edticos e eleitores acompanharem a evolu\u00e7\u00e3o das campanhas e o posicionamento do eleitorado paranaense \u00e0s v\u00e9speras do per\u00edodo oficial de vota\u00e7\u00e3o.<\/p>\n<p>Por Reda\u00e7\u00e3o Acontece<\/p>\n<p>Cr\u00e9ditos da imagem: Divulga\u00e7\u00e3o \/ Real Time Big Data<\/p>\n","protected":false},"excerpt":{"rendered":"<p>O instituto Real Time Big Data tem divulga\u00e7\u00e3o prevista para a pr\u00f3xima quarta-feira (9) de um novo levantamento estat\u00edstico focado no cen\u00e1rio pol\u00edtico paranaense, abrangendo a corrida pelo Pal\u00e1cio Igua\u00e7u e a disputa pelas duas vagas em aberto para o Senado Federal nas pr\u00f3ximas elei\u00e7\u00f5es. Detalhes do levantamento eleitoral A coleta de dados ouviu os [&hellip;]<\/p>\n","protected":false},"author":0,"featured_media":36085,"comment_status":"open","ping_status":"open","sticky":false,"template":"","format":"standard","meta":{"footnotes":""},"categories":[18],"tags":[],"class_list":["post-36077","post","type-post","status-publish","format-standard","has-post-thumbnail","hentry","category-parana"],"_links":{"self":[{"href":"https:\/\/acontecenafronteira.com.br\/index.php\/wp-json\/wp\/v2\/posts\/36077","targetHints":{"allow":["GET"]}}],"collection":[{"href":"https:\/\/acontecenafronteira.com.br\/index.php\/wp-json\/wp\/v2\/posts"}],"about":[{"href":"https:\/\/acontecenafronteira.com.br\/index.php\/wp-json\/wp\/v2\/types\/post"}],"replies":[{"embeddable":true,"href":"https:\/\/acontecenafronteira.com.br\/index.php\/wp-json\/wp\/v2\/comments?post=36077"}],"version-history":[{"count":1,"href":"https:\/\/acontecenafronteira.com.br\/index.php\/wp-json\/wp\/v2\/posts\/36077\/revisions"}],"predecessor-version":[{"id":36084,"href":"https:\/\/acontecenafronteira.com.br\/index.php\/wp-json\/wp\/v2\/posts\/36077\/revisions\/36084"}],"wp:featuredmedia":[{"embeddable":true,"href":"https:\/\/acontecenafronteira.com.br\/index.php\/wp-json\/wp\/v2\/media\/36085"}],"wp:attachment":[{"href":"https:\/\/acontecenafronteira.com.br\/index.php\/wp-json\/wp\/v2\/media?parent=36077"}],"wp:term":[{"taxonomy":"category","embeddable":true,"href":"https:\/\/acontecenafronteira.com.br\/index.php\/wp-json\/wp\/v2\/categories?post=36077"},{"taxonomy":"post_tag","embeddable":true,"href":"https:\/\/acontecenafronteira.com.br\/index.php\/wp-json\/wp\/v2\/tags?post=36077"}],"curies":[{"name":"wp","href":"https:\/\/api.w.org\/{rel}","templated":true}]}}