{"id":36076,"date":"2026-09-05T14:37:40","date_gmt":"2026-09-05T17:37:40","guid":{"rendered":"https:\/\/acontecenafronteira.com.br\/?p=36076"},"modified":"2026-09-05T14:37:40","modified_gmt":"2026-09-05T17:37:40","slug":"frente-fria-no-parana-traz-chuva-e-queda-de-temperatura","status":"publish","type":"post","link":"https:\/\/acontecenafronteira.com.br\/index.php\/2026\/09\/05\/frente-fria-no-parana-traz-chuva-e-queda-de-temperatura\/","title":{"rendered":"Frente fria no Paran\u00e1 traz chuva e queda de temperatura"},"content":{"rendered":"<p>A avan\u00e7o de uma nova frente fria pela costa da Regi\u00e3o Sul do Brasil altera drasticamente as condi\u00e7\u00f5es meteorol\u00f3gicas em praticamente todo o estado do Paran\u00e1 neste s\u00e1bado (5), trazendo pancadas de chuva e uma virada no tempo que derruba os term\u00f4metros bem no in\u00edcio do feriado prolongado.<\/p>\n<h2>Impacto do sistema frontal no clima paranaense<\/h2>\n<p>De acordo com o Sistema de Tecnologia e Monitoramento Ambiental do Paran\u00e1, a instabilidade atmosf\u00e9rica avan\u00e7a rapidamente a partir das \u00e1reas litor\u00e2neas e se espalha pelas demais regi\u00f5es paranaenses ao longo do dia, provocando precipita\u00e7\u00f5es de intensidade variada, ventos moderados e um al\u00edvio imediato no calor registrado nos \u00faltimos dias.<\/p>\n<h2>Previs\u00e3o para as diferentes regi\u00f5es do estado<\/h2>\n<p>As autoridades meteorol\u00f3gicas indicam que a massa de ar polar associada a esse sistema \u00e9 a principal respons\u00e1vel pela forte amplitude t\u00e9rmica, fazendo com que cidades das regi\u00f5es Sul, Sudoeste e dos Campos Gerais registrem as marcas mais baixas j\u00e1 nas primeiras horas da noite, exigindo casacos da popula\u00e7\u00e3o que pretendia aproveitar o descanso ao ar livre.<\/p>\n<p>A instabilidade deve perder for\u00e7a gradualmente no decorrer do domingo, mas o ar mais fresco permanece atuando e garante um final de semana com temperaturas bastante agrad\u00e1veis em solo paranaense, contrariando o cen\u00e1rio de forte calor predominante durante a semana.<\/p>\n<p>Por Reda\u00e7\u00e3o Acontece<\/p>\n<p>Cr\u00e9ditos da imagem: Divulga\u00e7\u00e3o \/ MetSul<\/p>\n","protected":false},"excerpt":{"rendered":"<p>A avan\u00e7o de uma nova frente fria pela costa da Regi\u00e3o Sul do Brasil altera drasticamente as condi\u00e7\u00f5es meteorol\u00f3gicas em praticamente todo o estado do Paran\u00e1 neste s\u00e1bado (5), trazendo pancadas de chuva e uma virada no tempo que derruba os term\u00f4metros bem no in\u00edcio do feriado prolongado. Impacto do sistema frontal no clima paranaense [&hellip;]<\/p>\n","protected":false},"author":0,"featured_media":36083,"comment_status":"open","ping_status":"open","sticky":false,"template":"","format":"standard","meta":{"footnotes":""},"categories":[18],"tags":[],"class_list":["post-36076","post","type-post","status-publish","format-standard","has-post-thumbnail","hentry","category-parana"],"_links":{"self":[{"href":"https:\/\/acontecenafronteira.com.br\/index.php\/wp-json\/wp\/v2\/posts\/36076","targetHints":{"allow":["GET"]}}],"collection":[{"href":"https:\/\/acontecenafronteira.com.br\/index.php\/wp-json\/wp\/v2\/posts"}],"about":[{"href":"https:\/\/acontecenafronteira.com.br\/index.php\/wp-json\/wp\/v2\/types\/post"}],"replies":[{"embeddable":true,"href":"https:\/\/acontecenafronteira.com.br\/index.php\/wp-json\/wp\/v2\/comments?post=36076"}],"version-history":[{"count":1,"href":"https:\/\/acontecenafronteira.com.br\/index.php\/wp-json\/wp\/v2\/posts\/36076\/revisions"}],"predecessor-version":[{"id":36082,"href":"https:\/\/acontecenafronteira.com.br\/index.php\/wp-json\/wp\/v2\/posts\/36076\/revisions\/36082"}],"wp:featuredmedia":[{"embeddable":true,"href":"https:\/\/acontecenafronteira.com.br\/index.php\/wp-json\/wp\/v2\/media\/36083"}],"wp:attachment":[{"href":"https:\/\/acontecenafronteira.com.br\/index.php\/wp-json\/wp\/v2\/media?parent=36076"}],"wp:term":[{"taxonomy":"category","embeddable":true,"href":"https:\/\/acontecenafronteira.com.br\/index.php\/wp-json\/wp\/v2\/categories?post=36076"},{"taxonomy":"post_tag","embeddable":true,"href":"https:\/\/acontecenafronteira.com.br\/index.php\/wp-json\/wp\/v2\/tags?post=36076"}],"curies":[{"name":"wp","href":"https:\/\/api.w.org\/{rel}","templated":true}]}}