{"id":36075,"date":"2026-09-05T14:36:49","date_gmt":"2026-09-05T17:36:49","guid":{"rendered":"https:\/\/acontecenafronteira.com.br\/?p=36075"},"modified":"2026-09-05T14:36:49","modified_gmt":"2026-09-05T17:36:49","slug":"seed-parana-reduz-pregao-de-terceirizacao-em-r-15-bi","status":"publish","type":"post","link":"https:\/\/acontecenafronteira.com.br\/index.php\/2026\/09\/05\/seed-parana-reduz-pregao-de-terceirizacao-em-r-15-bi\/","title":{"rendered":"Seed Paran\u00e1 reduz preg\u00e3o de terceiriza\u00e7\u00e3o em R$ 1,5 bi"},"content":{"rendered":"<p>A Secretaria de Estado da Educa\u00e7\u00e3o do Paran\u00e1 (Seed) diminuiu em mais de R$ 1,5 bilh\u00e3o o montante previsto em seu megacontrato voltado \u00e0 contrata\u00e7\u00e3o de trabalhadores terceirizados.<\/p>\n<h2>Revis\u00e3o ap\u00f3s contesta\u00e7\u00f5es judiciais<\/h2>\n<p>A mudan\u00e7a no processo licitat\u00f3rio ocorreu em meio a questionamentos e paralisa\u00e7\u00f5es tempor\u00e1rias que levantaram debates sobre os custos e a transpar\u00eancia da concorr\u00eancia p\u00fablica no estado.<\/p>\n<h3>Mudan\u00e7as nos valores<\/h3>\n<p>Com a retifica\u00e7\u00e3o, o impacto financeiro planejado inicialmente sofreu uma retra\u00e7\u00e3o expressiva, ajustando-se \u00e0s novas diretrizes exigidas pelos \u00f3rg\u00e3os de controle do Paran\u00e1.<\/p>\n<p>A decis\u00e3o de enxugar o edital reflete a press\u00e3o exercida por contesta\u00e7\u00f5es formais que apontavam poss\u00edveis excessos na estimativa de gastos com a presta\u00e7\u00e3o de servi\u00e7os nas escolas estaduais.<\/p>\n<p>Apesar da forte redu\u00e7\u00e3o no or\u00e7amento global, a pasta manteve o planejamento para suprir a demanda operacional das unidades de ensino, embora com um formato revisado.<\/p>\n<p>As autoridades competentes continuam acompanhando os desdobramentos do processo para garantir que a nova configura\u00e7\u00e3o atenda aos princ\u00edpios da administra\u00e7\u00e3o p\u00fablica e \u00e0 legalidade.<\/p>\n<p>Por Reda\u00e7\u00e3o Acontece<\/p>\n<p>Cr\u00e9ditos da imagem: Divulga\u00e7\u00e3o\/Seed-PR<\/p>\n","protected":false},"excerpt":{"rendered":"<p>A Secretaria de Estado da Educa\u00e7\u00e3o do Paran\u00e1 (Seed) diminuiu em mais de R$ 1,5 bilh\u00e3o o montante previsto em seu megacontrato voltado \u00e0 contrata\u00e7\u00e3o de trabalhadores terceirizados. Revis\u00e3o ap\u00f3s contesta\u00e7\u00f5es judiciais A mudan\u00e7a no processo licitat\u00f3rio ocorreu em meio a questionamentos e paralisa\u00e7\u00f5es tempor\u00e1rias que levantaram debates sobre os custos e a transpar\u00eancia da [&hellip;]<\/p>\n","protected":false},"author":0,"featured_media":36081,"comment_status":"open","ping_status":"open","sticky":false,"template":"","format":"standard","meta":{"footnotes":""},"categories":[18],"tags":[],"class_list":["post-36075","post","type-post","status-publish","format-standard","has-post-thumbnail","hentry","category-parana"],"_links":{"self":[{"href":"https:\/\/acontecenafronteira.com.br\/index.php\/wp-json\/wp\/v2\/posts\/36075","targetHints":{"allow":["GET"]}}],"collection":[{"href":"https:\/\/acontecenafronteira.com.br\/index.php\/wp-json\/wp\/v2\/posts"}],"about":[{"href":"https:\/\/acontecenafronteira.com.br\/index.php\/wp-json\/wp\/v2\/types\/post"}],"replies":[{"embeddable":true,"href":"https:\/\/acontecenafronteira.com.br\/index.php\/wp-json\/wp\/v2\/comments?post=36075"}],"version-history":[{"count":1,"href":"https:\/\/acontecenafronteira.com.br\/index.php\/wp-json\/wp\/v2\/posts\/36075\/revisions"}],"predecessor-version":[{"id":36080,"href":"https:\/\/acontecenafronteira.com.br\/index.php\/wp-json\/wp\/v2\/posts\/36075\/revisions\/36080"}],"wp:featuredmedia":[{"embeddable":true,"href":"https:\/\/acontecenafronteira.com.br\/index.php\/wp-json\/wp\/v2\/media\/36081"}],"wp:attachment":[{"href":"https:\/\/acontecenafronteira.com.br\/index.php\/wp-json\/wp\/v2\/media?parent=36075"}],"wp:term":[{"taxonomy":"category","embeddable":true,"href":"https:\/\/acontecenafronteira.com.br\/index.php\/wp-json\/wp\/v2\/categories?post=36075"},{"taxonomy":"post_tag","embeddable":true,"href":"https:\/\/acontecenafronteira.com.br\/index.php\/wp-json\/wp\/v2\/tags?post=36075"}],"curies":[{"name":"wp","href":"https:\/\/api.w.org\/{rel}","templated":true}]}}